{"id":2661,"date":"2021-02-28T03:04:00","date_gmt":"2021-02-28T03:04:00","guid":{"rendered":"https:\/\/espiritualidade.carmelitas.pt\/boletim\/?p=2661"},"modified":"2021-02-26T08:17:10","modified_gmt":"2021-02-26T08:17:10","slug":"eucaristia-culto-cultura-e-arte","status":"publish","type":"post","link":"https:\/\/espiritualidade.carmelitas.pt\/boletim\/eucaristia-culto-cultura-e-arte\/","title":{"rendered":"Eucaristia: culto, cultura e arte"},"content":{"rendered":"\n<p><em>Diocese de Leiria F\u00e1tima promove forma\u00e7\u00e3o online<\/em><br>Centro de Cultura e Forma\u00e7\u00e3o Crist\u00e3 (CCFC) da Diocese de Leiria-F\u00e1tima est\u00e1 a promover um <a href=\"https:\/\/www.leiria-fatima.pt\/diocese-promove-formacao-online-sobre-eucaristia-culto-cultura-e-arte\/\">curso online<\/a> sobre o di\u00e1logo entre a arte e o culto eucar\u00edstico. Ao longo de 15 sess\u00f5es, orientadas pelo Doutor Marco Daniel Duarte, a forma\u00e7\u00e3o vai procurar explorar a rela\u00e7\u00e3o entre a arte e o culto eucar\u00edstico, aprofundando e alargando os horizontes da nossa f\u00e9. <\/p>\n","protected":false},"excerpt":{"rendered":"<p>Diocese de Leiria F\u00e1tima promove forma\u00e7\u00e3o onlineCentro de Cultura e Forma\u00e7\u00e3o Crist\u00e3 (CCFC) da Diocese de Leiria-F\u00e1tima est\u00e1 a promover um curso online sobre o di\u00e1logo entre a arte e [&hellip;]<\/p>\n","protected":false},"author":1,"featured_media":2653,"comment_status":"closed","ping_status":"open","sticky":false,"template":"","format":"standard","meta":{"_et_pb_use_builder":"off","_et_pb_old_content":"","_et_gb_content_width":"","footnotes":""},"categories":[1],"tags":[],"class_list":["post-2661","post","type-post","status-publish","format-standard","has-post-thumbnail","hentry","category-cursos","et-has-post-format-content","et_post_format-et-post-format-standard"],"_links":{"self":[{"href":"https:\/\/espiritualidade.carmelitas.pt\/boletim\/wp-json\/wp\/v2\/posts\/2661","targetHints":{"allow":["GET"]}}],"collection":[{"href":"https:\/\/espiritualidade.carmelitas.pt\/boletim\/wp-json\/wp\/v2\/posts"}],"about":[{"href":"https:\/\/espiritualidade.carmelitas.pt\/boletim\/wp-json\/wp\/v2\/types\/post"}],"author":[{"embeddable":true,"href":"https:\/\/espiritualidade.carmelitas.pt\/boletim\/wp-json\/wp\/v2\/users\/1"}],"replies":[{"embeddable":true,"href":"https:\/\/espiritualidade.carmelitas.pt\/boletim\/wp-json\/wp\/v2\/comments?post=2661"}],"version-history":[{"count":1,"href":"https:\/\/espiritualidade.carmelitas.pt\/boletim\/wp-json\/wp\/v2\/posts\/2661\/revisions"}],"predecessor-version":[{"id":2662,"href":"https:\/\/espiritualidade.carmelitas.pt\/boletim\/wp-json\/wp\/v2\/posts\/2661\/revisions\/2662"}],"wp:featuredmedia":[{"embeddable":true,"href":"https:\/\/espiritualidade.carmelitas.pt\/boletim\/wp-json\/wp\/v2\/media\/2653"}],"wp:attachment":[{"href":"https:\/\/espiritualidade.carmelitas.pt\/boletim\/wp-json\/wp\/v2\/media?parent=2661"}],"wp:term":[{"taxonomy":"category","embeddable":true,"href":"https:\/\/espiritualidade.carmelitas.pt\/boletim\/wp-json\/wp\/v2\/categories?post=2661"},{"taxonomy":"post_tag","embeddable":true,"href":"https:\/\/espiritualidade.carmelitas.pt\/boletim\/wp-json\/wp\/v2\/tags?post=2661"}],"curies":[{"name":"wp","href":"https:\/\/api.w.org\/{rel}","templated":true}]}}