{"id":2658,"date":"2021-02-28T03:02:00","date_gmt":"2021-02-28T03:02:00","guid":{"rendered":"https:\/\/espiritualidade.carmelitas.pt\/boletim\/?p=2658"},"modified":"2021-02-26T08:15:46","modified_gmt":"2021-02-26T08:15:46","slug":"mulher-mae-e-rainha","status":"publish","type":"post","link":"https:\/\/espiritualidade.carmelitas.pt\/boletim\/mulher-mae-e-rainha\/","title":{"rendered":"Mulher, M\u00e3e e Rainha"},"content":{"rendered":"\n<p><em>Nos 375 anos da Coroa\u00e7\u00e3o de Nossa Senhora da Concei\u00e7\u00e3o<\/em><br>Foi em 25 de Mar\u00e7o de 1646 que o Rei D. Jo\u00e3o IV consagrou os \u00abSeus Reinos e Senhorios\u00bb a Nossa Senhora da Concei\u00e7\u00e3o, representada esta numa escultura existente no Santu\u00e1rio de Nossa Senhora da Concei\u00e7\u00e3o de Vila Vi\u00e7osa. Por \u201cProvis\u00e3o R\u00e9gia\u201d, Nossa Senhora foi proclamada a Padroeira de Portugal e, a partir de ent\u00e3o, n\u00e3o mais os monarcas da Dinastia de Bragan\u00e7a voltaram a colocar a coroa real na cabe\u00e7a. Para assinalar este acontecimento, o Instituto da Padroeira de Portugal para os Estudos da Mariologia (IPPEM) pretende organizar um congresso, intitulado: \u201cMulher, M\u00e3e e Rainha. Nos 375 anos da Coroa\u00e7\u00e3o de Nossa Senhora da Concei\u00e7\u00e3o como Padroeira de Portugal\u201d. <a href=\"https:\/\/padroeiracongresso.wixsite.com\/padroeira\">O Congresso, fixado para os dias 24 a 26 de mar\u00e7o de 2022<\/a>, decorrer\u00e1 em Vila Vi\u00e7osa. <\/p>\n","protected":false},"excerpt":{"rendered":"<p>Nos 375 anos da Coroa\u00e7\u00e3o de Nossa Senhora da Concei\u00e7\u00e3oFoi em 25 de Mar\u00e7o de 1646 que o Rei D. Jo\u00e3o IV consagrou os \u00abSeus Reinos e Senhorios\u00bb a Nossa [&hellip;]<\/p>\n","protected":false},"author":1,"featured_media":2659,"comment_status":"closed","ping_status":"open","sticky":false,"template":"","format":"standard","meta":{"_et_pb_use_builder":"off","_et_pb_old_content":"","_et_gb_content_width":"","footnotes":""},"categories":[12],"tags":[],"class_list":["post-2658","post","type-post","status-publish","format-standard","has-post-thumbnail","hentry","category-congressos","et-has-post-format-content","et_post_format-et-post-format-standard"],"_links":{"self":[{"href":"https:\/\/espiritualidade.carmelitas.pt\/boletim\/wp-json\/wp\/v2\/posts\/2658","targetHints":{"allow":["GET"]}}],"collection":[{"href":"https:\/\/espiritualidade.carmelitas.pt\/boletim\/wp-json\/wp\/v2\/posts"}],"about":[{"href":"https:\/\/espiritualidade.carmelitas.pt\/boletim\/wp-json\/wp\/v2\/types\/post"}],"author":[{"embeddable":true,"href":"https:\/\/espiritualidade.carmelitas.pt\/boletim\/wp-json\/wp\/v2\/users\/1"}],"replies":[{"embeddable":true,"href":"https:\/\/espiritualidade.carmelitas.pt\/boletim\/wp-json\/wp\/v2\/comments?post=2658"}],"version-history":[{"count":1,"href":"https:\/\/espiritualidade.carmelitas.pt\/boletim\/wp-json\/wp\/v2\/posts\/2658\/revisions"}],"predecessor-version":[{"id":2660,"href":"https:\/\/espiritualidade.carmelitas.pt\/boletim\/wp-json\/wp\/v2\/posts\/2658\/revisions\/2660"}],"wp:featuredmedia":[{"embeddable":true,"href":"https:\/\/espiritualidade.carmelitas.pt\/boletim\/wp-json\/wp\/v2\/media\/2659"}],"wp:attachment":[{"href":"https:\/\/espiritualidade.carmelitas.pt\/boletim\/wp-json\/wp\/v2\/media?parent=2658"}],"wp:term":[{"taxonomy":"category","embeddable":true,"href":"https:\/\/espiritualidade.carmelitas.pt\/boletim\/wp-json\/wp\/v2\/categories?post=2658"},{"taxonomy":"post_tag","embeddable":true,"href":"https:\/\/espiritualidade.carmelitas.pt\/boletim\/wp-json\/wp\/v2\/tags?post=2658"}],"curies":[{"name":"wp","href":"https:\/\/api.w.org\/{rel}","templated":true}]}}