{"id":2634,"date":"2021-01-26T08:58:06","date_gmt":"2021-01-26T08:58:06","guid":{"rendered":"https:\/\/espiritualidade.carmelitas.pt\/boletim\/?p=2634"},"modified":"2021-01-26T08:58:08","modified_gmt":"2021-01-26T08:58:08","slug":"carmelitas-descalcos-voltam-a-transmitir-diariamente-a-eucaristia","status":"publish","type":"post","link":"https:\/\/espiritualidade.carmelitas.pt\/boletim\/carmelitas-descalcos-voltam-a-transmitir-diariamente-a-eucaristia\/","title":{"rendered":"Carmelitas Descal\u00e7os voltam a transmitir diariamente a eucaristia"},"content":{"rendered":"\n<p><br>A Confer\u00eancia Episcopal Portuguesa decretou \u00aba suspens\u00e3o da celebra\u00e7\u00e3o \u201cp\u00fablica\u201d da Eucaristia a partir de 23 de janeiro de 2021 (\u2026) at\u00e9 novas orienta\u00e7\u00f5es\u00bb. Os nossos bispos sugerem, como forma de mitigar esta decis\u00e3o, o recurso a \u00abposs\u00edveis ofertas celebrativas, transmitidas\u00a0em direto por via digital\u00bb.Tal como o fez no anterior confinamento, a Ordem dos Carmelitas Descal\u00e7os, que j\u00e1 vinha a oferecer diariamente v\u00e1rias ora\u00e7\u00f5es transmitidas online, agora volta a partilhar tamb\u00e9m a eucaristia di\u00e1ria.<br>Assim, atualmente, a partir do Carmelo de S. Jos\u00e9, em F\u00e1tima, oferecemos as seguintes celebra\u00e7\u00f5es di\u00e1rias:<\/p>\n\n\n\n<p><strong>Durante a semana<\/strong><br>08h00 \u2013 Eucaristia<br>09h00 \u2013 Ora\u00e7\u00e3o de Laudes<br>18h15 \u2013 Ora\u00e7\u00e3o de V\u00e9speras<br>22h00 \u2013 Ora\u00e7\u00e3o de Completas<\/p>\n\n\n\n<p><strong>Aos domingos<\/strong><br>09h00 \u2013 Ora\u00e7\u00e3o de Laudes<br>12h00 \u2013 Eucaristia<br>18h15 \u2013 Ora\u00e7\u00e3o de V\u00e9speras<br>22h00 \u2013 Ora\u00e7\u00e3o de Completas<\/p>\n\n\n\n<p>Estas celebra\u00e7\u00f5es ser\u00e3o transmitidas nas seguintes plataformas:<br>Site: <a href=\"http:\/\/www.multimedia.carmelitas.pt\">www.multimedia.carmelitas.pt<\/a><br>E nas redes sociais:<br>Facebook: carmelitas.descalcos.portugal<br>Youtube: carmelitas descal\u00e7os<br>Twitter: Carmelitas Descal\u00e7os @AmigosOcd<\/p>\n\n\n\n<p>Pontuais altera\u00e7\u00f5es a estes hor\u00e1rios ser\u00e3o comunicados nas respetivas plataformas.<\/p>\n\n\n\n<p>Rezamos em comunh\u00e3o com toda a Igreja, pedindo particularmente pela erradica\u00e7\u00e3o desta pandemia e por todos os que a combatem na linha frente.<\/p>\n","protected":false},"excerpt":{"rendered":"<p>A Confer\u00eancia Episcopal Portuguesa decretou \u00aba suspens\u00e3o da celebra\u00e7\u00e3o \u201cp\u00fablica\u201d da Eucaristia a partir de 23 de janeiro de 2021 (\u2026) at\u00e9 novas orienta\u00e7\u00f5es\u00bb. Os nossos bispos sugerem, como forma [&hellip;]<\/p>\n","protected":false},"author":1,"featured_media":2635,"comment_status":"closed","ping_status":"open","sticky":false,"template":"","format":"standard","meta":{"_et_pb_use_builder":"off","_et_pb_old_content":"","_et_gb_content_width":"","footnotes":""},"categories":[13],"tags":[],"class_list":["post-2634","post","type-post","status-publish","format-standard","has-post-thumbnail","hentry","category-divulgacao","et-has-post-format-content","et_post_format-et-post-format-standard"],"_links":{"self":[{"href":"https:\/\/espiritualidade.carmelitas.pt\/boletim\/wp-json\/wp\/v2\/posts\/2634","targetHints":{"allow":["GET"]}}],"collection":[{"href":"https:\/\/espiritualidade.carmelitas.pt\/boletim\/wp-json\/wp\/v2\/posts"}],"about":[{"href":"https:\/\/espiritualidade.carmelitas.pt\/boletim\/wp-json\/wp\/v2\/types\/post"}],"author":[{"embeddable":true,"href":"https:\/\/espiritualidade.carmelitas.pt\/boletim\/wp-json\/wp\/v2\/users\/1"}],"replies":[{"embeddable":true,"href":"https:\/\/espiritualidade.carmelitas.pt\/boletim\/wp-json\/wp\/v2\/comments?post=2634"}],"version-history":[{"count":1,"href":"https:\/\/espiritualidade.carmelitas.pt\/boletim\/wp-json\/wp\/v2\/posts\/2634\/revisions"}],"predecessor-version":[{"id":2636,"href":"https:\/\/espiritualidade.carmelitas.pt\/boletim\/wp-json\/wp\/v2\/posts\/2634\/revisions\/2636"}],"wp:featuredmedia":[{"embeddable":true,"href":"https:\/\/espiritualidade.carmelitas.pt\/boletim\/wp-json\/wp\/v2\/media\/2635"}],"wp:attachment":[{"href":"https:\/\/espiritualidade.carmelitas.pt\/boletim\/wp-json\/wp\/v2\/media?parent=2634"}],"wp:term":[{"taxonomy":"category","embeddable":true,"href":"https:\/\/espiritualidade.carmelitas.pt\/boletim\/wp-json\/wp\/v2\/categories?post=2634"},{"taxonomy":"post_tag","embeddable":true,"href":"https:\/\/espiritualidade.carmelitas.pt\/boletim\/wp-json\/wp\/v2\/tags?post=2634"}],"curies":[{"name":"wp","href":"https:\/\/api.w.org\/{rel}","templated":true}]}}