{"id":2632,"date":"2021-01-31T02:09:00","date_gmt":"2021-01-31T02:09:00","guid":{"rendered":"https:\/\/espiritualidade.carmelitas.pt\/boletim\/?p=2632"},"modified":"2021-01-26T08:55:16","modified_gmt":"2021-01-26T08:55:16","slug":"viver-em-comunhao-com-maria","status":"publish","type":"post","link":"https:\/\/espiritualidade.carmelitas.pt\/boletim\/viver-em-comunhao-com-maria\/","title":{"rendered":"Viver em comunh\u00e3o com Maria"},"content":{"rendered":"\n<p><em>Retiro promovido pelo Carmelo Secular <\/em><br>O <a href=\"https:\/\/www.seculares.carmelitas.pt\/\">Retiro da Quaresma de 05 a 07 de mar\u00e7o<\/a>, promovido pelo Conselho Nacional do Carmelo Secular, este ano realiza-se online dada a impossibilidade de o realizar presencialmente no Convento de Avessadas, como estava programado. O tema do retiro ter\u00e1 como mote \u201cViver em comunh\u00e3o com Maria\u201d. Neste momento cr\u00edtico da hist\u00f3ria da humanidade, queremos voltar ao essencial, a comunh\u00e3o, n\u00e3o de maneira te\u00f3rica, mas mergulhando de novo no mist\u00e9rio de Comunh\u00e3o que \u00e9 a Sant\u00edssima Trindade. Vamos ao encontro de Maria, que nos foi dada como nossa Senhora, M\u00e3e e Irm\u00e3, que melhor que ningu\u00e9m nos pode guiar neste caminho. Com Maria ca\u00edmos na conta de que fomos criados para a Comunh\u00e3o e assim desejamos fortalecer os v\u00ednculos que nos fazem ser uma comunh\u00e3o de irm\u00e3os em Cristo. Este retiro, pensado sobretudo para os Carmelitas Seculares est\u00e1 aberto a todos os que desejem preparar mais intensamente a P\u00e1scoa de Jesus. As inscri\u00e7\u00f5es podem ser feitas atrav\u00e9s do email:<br>carmelosecular@carmelitas.pt. <\/p>\n","protected":false},"excerpt":{"rendered":"<p>Retiro promovido pelo Carmelo Secular O Retiro da Quaresma de 05 a 07 de mar\u00e7o, promovido pelo Conselho Nacional do Carmelo Secular, este ano realiza-se online dada a impossibilidade de [&hellip;]<\/p>\n","protected":false},"author":1,"featured_media":2624,"comment_status":"closed","ping_status":"open","sticky":false,"template":"","format":"standard","meta":{"_et_pb_use_builder":"off","_et_pb_old_content":"","_et_gb_content_width":"","footnotes":""},"categories":[36],"tags":[],"class_list":["post-2632","post","type-post","status-publish","format-standard","has-post-thumbnail","hentry","category-retiro","et-has-post-format-content","et_post_format-et-post-format-standard"],"_links":{"self":[{"href":"https:\/\/espiritualidade.carmelitas.pt\/boletim\/wp-json\/wp\/v2\/posts\/2632","targetHints":{"allow":["GET"]}}],"collection":[{"href":"https:\/\/espiritualidade.carmelitas.pt\/boletim\/wp-json\/wp\/v2\/posts"}],"about":[{"href":"https:\/\/espiritualidade.carmelitas.pt\/boletim\/wp-json\/wp\/v2\/types\/post"}],"author":[{"embeddable":true,"href":"https:\/\/espiritualidade.carmelitas.pt\/boletim\/wp-json\/wp\/v2\/users\/1"}],"replies":[{"embeddable":true,"href":"https:\/\/espiritualidade.carmelitas.pt\/boletim\/wp-json\/wp\/v2\/comments?post=2632"}],"version-history":[{"count":1,"href":"https:\/\/espiritualidade.carmelitas.pt\/boletim\/wp-json\/wp\/v2\/posts\/2632\/revisions"}],"predecessor-version":[{"id":2633,"href":"https:\/\/espiritualidade.carmelitas.pt\/boletim\/wp-json\/wp\/v2\/posts\/2632\/revisions\/2633"}],"wp:featuredmedia":[{"embeddable":true,"href":"https:\/\/espiritualidade.carmelitas.pt\/boletim\/wp-json\/wp\/v2\/media\/2624"}],"wp:attachment":[{"href":"https:\/\/espiritualidade.carmelitas.pt\/boletim\/wp-json\/wp\/v2\/media?parent=2632"}],"wp:term":[{"taxonomy":"category","embeddable":true,"href":"https:\/\/espiritualidade.carmelitas.pt\/boletim\/wp-json\/wp\/v2\/categories?post=2632"},{"taxonomy":"post_tag","embeddable":true,"href":"https:\/\/espiritualidade.carmelitas.pt\/boletim\/wp-json\/wp\/v2\/tags?post=2632"}],"curies":[{"name":"wp","href":"https:\/\/api.w.org\/{rel}","templated":true}]}}