{"id":2630,"date":"2021-01-31T02:08:00","date_gmt":"2021-01-31T02:08:00","guid":{"rendered":"https:\/\/espiritualidade.carmelitas.pt\/boletim\/?p=2630"},"modified":"2021-01-26T08:53:31","modified_gmt":"2021-01-26T08:53:31","slug":"cristo-vive-e-tu","status":"publish","type":"post","link":"https:\/\/espiritualidade.carmelitas.pt\/boletim\/cristo-vive-e-tu\/","title":{"rendered":"Cristo vive. E tu?"},"content":{"rendered":"\n<p><em>Retiro para jovens<\/em><br>Os Carmelitas Descal\u00e7os prop\u00f5em aos<a href=\"https:\/\/domuscarmeli.net\/\"> jovens um fim de semana de retiro nos dias 12 a 14 de mar\u00e7o<\/a>. Inicialmente marcado para o Centro de Espiritualidade de Avessadas, o retiro decorrer\u00e1 pelos meios digitais mediante a plataforma zoom. O frei Renato acompanhar\u00e1 os participantes neste tempo de reflex\u00e3o, partilha, sil\u00eancio e ora\u00e7\u00e3o motivado pelo tema \u201cCristo vive. E tu?\u201d. Especialmente inspirados por Santa Teresinha, os jovens ser\u00e3o desafiados a refletir sobre o momento que vivem, t\u00e3o marcado pelas consequ\u00eancias da presente pandemia, e a deixar que Jesus o transforme. Para participar nesta atividade gratuita, basta inscrever-se enviando email para amigos@carmelitas.pt. <\/p>\n","protected":false},"excerpt":{"rendered":"<p>Retiro para jovensOs Carmelitas Descal\u00e7os prop\u00f5em aos jovens um fim de semana de retiro nos dias 12 a 14 de mar\u00e7o. Inicialmente marcado para o Centro de Espiritualidade de Avessadas, [&hellip;]<\/p>\n","protected":false},"author":1,"featured_media":2618,"comment_status":"closed","ping_status":"open","sticky":false,"template":"","format":"standard","meta":{"_et_pb_use_builder":"off","_et_pb_old_content":"","_et_gb_content_width":"","footnotes":""},"categories":[1],"tags":[],"class_list":["post-2630","post","type-post","status-publish","format-standard","has-post-thumbnail","hentry","category-cursos","et-has-post-format-content","et_post_format-et-post-format-standard"],"_links":{"self":[{"href":"https:\/\/espiritualidade.carmelitas.pt\/boletim\/wp-json\/wp\/v2\/posts\/2630","targetHints":{"allow":["GET"]}}],"collection":[{"href":"https:\/\/espiritualidade.carmelitas.pt\/boletim\/wp-json\/wp\/v2\/posts"}],"about":[{"href":"https:\/\/espiritualidade.carmelitas.pt\/boletim\/wp-json\/wp\/v2\/types\/post"}],"author":[{"embeddable":true,"href":"https:\/\/espiritualidade.carmelitas.pt\/boletim\/wp-json\/wp\/v2\/users\/1"}],"replies":[{"embeddable":true,"href":"https:\/\/espiritualidade.carmelitas.pt\/boletim\/wp-json\/wp\/v2\/comments?post=2630"}],"version-history":[{"count":1,"href":"https:\/\/espiritualidade.carmelitas.pt\/boletim\/wp-json\/wp\/v2\/posts\/2630\/revisions"}],"predecessor-version":[{"id":2631,"href":"https:\/\/espiritualidade.carmelitas.pt\/boletim\/wp-json\/wp\/v2\/posts\/2630\/revisions\/2631"}],"wp:featuredmedia":[{"embeddable":true,"href":"https:\/\/espiritualidade.carmelitas.pt\/boletim\/wp-json\/wp\/v2\/media\/2618"}],"wp:attachment":[{"href":"https:\/\/espiritualidade.carmelitas.pt\/boletim\/wp-json\/wp\/v2\/media?parent=2630"}],"wp:term":[{"taxonomy":"category","embeddable":true,"href":"https:\/\/espiritualidade.carmelitas.pt\/boletim\/wp-json\/wp\/v2\/categories?post=2630"},{"taxonomy":"post_tag","embeddable":true,"href":"https:\/\/espiritualidade.carmelitas.pt\/boletim\/wp-json\/wp\/v2\/tags?post=2630"}],"curies":[{"name":"wp","href":"https:\/\/api.w.org\/{rel}","templated":true}]}}