{"id":2628,"date":"2021-01-31T02:07:00","date_gmt":"2021-01-31T02:07:00","guid":{"rendered":"https:\/\/espiritualidade.carmelitas.pt\/boletim\/?p=2628"},"modified":"2021-01-26T08:51:47","modified_gmt":"2021-01-26T08:51:47","slug":"a-trindade-na-comunidade","status":"publish","type":"post","link":"https:\/\/espiritualidade.carmelitas.pt\/boletim\/a-trindade-na-comunidade\/","title":{"rendered":"A Trindade na Comunidade"},"content":{"rendered":"\n<p><em>Retiro<\/em><br>A Escola de Ora\u00e7\u00e3o, com sede na Domus Carmeli, em F\u00e1tima, programou sobretudo para os seus alunos, <a href=\"https:\/\/www.escoladeoracao.pt\/retiro\">um fim de semana de retiro online<\/a> nos dias 26 a 28 de fevereiro de 2021. Aberto a todos, este retiro pretende sobretudo ajudar os cerca de 150 participantes da Escola de Ora\u00e7\u00e3o a p\u00f4r em pr\u00e1tica tudo quanto foram aprendendo ao longo dos diferentes m\u00f3dulos de forma\u00e7\u00e3o j\u00e1 oferecidos. Com o tema \u00aba Trindade na Comunidade\u00bb, queremos meditar na beleza da comunh\u00e3o trinit\u00e1ria que se espelha na vida das fam\u00edlias e das comunidades crist\u00e3s quando estas cultivam diariamente os valores humanos e evang\u00e9licos que testemunham a miss\u00e3o suprema dos crist\u00e3os \u2013 a de serem testemunhas do amor do Pai revelado em Jesus e encarnado no nosso quotidiano pela a\u00e7\u00e3o do Esp\u00edrito Santo. As inscri\u00e7\u00f5es devem ser feitas na plataforma da Escola de Ora\u00e7\u00e3o www.escoladeoracao.pt\/retiro Para mais informa\u00e7\u00f5es contate a Domus Carmeli, em F\u00e1tima, pelo telefone +351 249 530 650, ou pelo email: domus@domuscarmeli.net. <\/p>\n","protected":false},"excerpt":{"rendered":"<p>RetiroA Escola de Ora\u00e7\u00e3o, com sede na Domus Carmeli, em F\u00e1tima, programou sobretudo para os seus alunos, um fim de semana de retiro online nos dias 26 a 28 de [&hellip;]<\/p>\n","protected":false},"author":1,"featured_media":2621,"comment_status":"closed","ping_status":"open","sticky":false,"template":"","format":"standard","meta":{"_et_pb_use_builder":"off","_et_pb_old_content":"","_et_gb_content_width":"","footnotes":""},"categories":[36],"tags":[],"class_list":["post-2628","post","type-post","status-publish","format-standard","has-post-thumbnail","hentry","category-retiro","et-has-post-format-content","et_post_format-et-post-format-standard"],"_links":{"self":[{"href":"https:\/\/espiritualidade.carmelitas.pt\/boletim\/wp-json\/wp\/v2\/posts\/2628","targetHints":{"allow":["GET"]}}],"collection":[{"href":"https:\/\/espiritualidade.carmelitas.pt\/boletim\/wp-json\/wp\/v2\/posts"}],"about":[{"href":"https:\/\/espiritualidade.carmelitas.pt\/boletim\/wp-json\/wp\/v2\/types\/post"}],"author":[{"embeddable":true,"href":"https:\/\/espiritualidade.carmelitas.pt\/boletim\/wp-json\/wp\/v2\/users\/1"}],"replies":[{"embeddable":true,"href":"https:\/\/espiritualidade.carmelitas.pt\/boletim\/wp-json\/wp\/v2\/comments?post=2628"}],"version-history":[{"count":1,"href":"https:\/\/espiritualidade.carmelitas.pt\/boletim\/wp-json\/wp\/v2\/posts\/2628\/revisions"}],"predecessor-version":[{"id":2629,"href":"https:\/\/espiritualidade.carmelitas.pt\/boletim\/wp-json\/wp\/v2\/posts\/2628\/revisions\/2629"}],"wp:featuredmedia":[{"embeddable":true,"href":"https:\/\/espiritualidade.carmelitas.pt\/boletim\/wp-json\/wp\/v2\/media\/2621"}],"wp:attachment":[{"href":"https:\/\/espiritualidade.carmelitas.pt\/boletim\/wp-json\/wp\/v2\/media?parent=2628"}],"wp:term":[{"taxonomy":"category","embeddable":true,"href":"https:\/\/espiritualidade.carmelitas.pt\/boletim\/wp-json\/wp\/v2\/categories?post=2628"},{"taxonomy":"post_tag","embeddable":true,"href":"https:\/\/espiritualidade.carmelitas.pt\/boletim\/wp-json\/wp\/v2\/tags?post=2628"}],"curies":[{"name":"wp","href":"https:\/\/api.w.org\/{rel}","templated":true}]}}