{"id":2617,"date":"2021-01-31T02:05:00","date_gmt":"2021-01-31T02:05:00","guid":{"rendered":"https:\/\/espiritualidade.carmelitas.pt\/boletim\/?p=2617"},"modified":"2021-01-26T08:47:09","modified_gmt":"2021-01-26T08:47:09","slug":"retiro-online-quaresma-2021","status":"publish","type":"post","link":"https:\/\/espiritualidade.carmelitas.pt\/boletim\/retiro-online-quaresma-2021\/","title":{"rendered":"Retiro online: Quaresma 2021"},"content":{"rendered":"\n<p><br>&#8220;<em>Andar de morada em morada<\/em>&#8221; com Santa Teresa de Jesus<br>Os Carmelitas Descal\u00e7os est\u00e3o a preparar um novo retiro para oferecer a todos os crist\u00e3os para a pr\u00f3xima Quaresma em ordem a preparar a P\u00e1scoa da Ressurrei\u00e7\u00e3o de Jesus. Basta entrar em <a href=\"http:\/\/www.webretiro.karmel.at\">www.webretiro.karmel.at<\/a> e preencher o formul\u00e1rio, inscrevendo-se gratuitamente para o retiro online da Quaresma de 2021. Atualmente est\u00e3o inscritos cerca de 66000 em diversos pa\u00edses, sendo o texto traduzido em oito l\u00ednguas. Este ano a tem\u00e1tica \u00e9 acompanhada por Santa Teresa de Jesus (1515-1582). Foi em plena crise que escreveu a sua obra prima, o Livro das Moradas ou Castelo Interior. Enquanto toda a sua obra de funda\u00e7\u00e3o de novos Carmelos parecia estar a desmoronar-se, ela orienta todas as suas energias para o seu Castelo Interior. No contexto de crise sanit\u00e1ria e econ\u00f3mica que vivemos, Santa Teresa de \u00c1vila pode ajudar, nesta Quaresma, a descobrir que a nossa for\u00e7a est\u00e1 dentro, no interior do Castelo da nossa alma. Com esta Doutora da Igreja, pretende-se caminhar de Morada em Morada at\u00e9 ao centro onde brilha a luz da P\u00e1scoa do Senhor. A presen\u00e7a do Ressuscitado \u00e9 a verdadeira boa nova que pode revitalizar a nossa vida espiritual e abrir-nos novos horizontes de esperan\u00e7a. <\/p>\n\n\n\n<p><a href=\"http:\/\/www.webretiro.karmel.at\">http:\/\/www.webretiro.karmel.at<\/a><\/p>\n","protected":false},"excerpt":{"rendered":"<p>&#8220;Andar de morada em morada&#8221; com Santa Teresa de JesusOs Carmelitas Descal\u00e7os est\u00e3o a preparar um novo retiro para oferecer a todos os crist\u00e3os para a pr\u00f3xima Quaresma em ordem [&hellip;]<\/p>\n","protected":false},"author":1,"featured_media":2623,"comment_status":"closed","ping_status":"open","sticky":false,"template":"","format":"standard","meta":{"_et_pb_use_builder":"off","_et_pb_old_content":"","_et_gb_content_width":"","footnotes":""},"categories":[36],"tags":[],"class_list":["post-2617","post","type-post","status-publish","format-standard","has-post-thumbnail","hentry","category-retiro","et-has-post-format-content","et_post_format-et-post-format-standard"],"_links":{"self":[{"href":"https:\/\/espiritualidade.carmelitas.pt\/boletim\/wp-json\/wp\/v2\/posts\/2617","targetHints":{"allow":["GET"]}}],"collection":[{"href":"https:\/\/espiritualidade.carmelitas.pt\/boletim\/wp-json\/wp\/v2\/posts"}],"about":[{"href":"https:\/\/espiritualidade.carmelitas.pt\/boletim\/wp-json\/wp\/v2\/types\/post"}],"author":[{"embeddable":true,"href":"https:\/\/espiritualidade.carmelitas.pt\/boletim\/wp-json\/wp\/v2\/users\/1"}],"replies":[{"embeddable":true,"href":"https:\/\/espiritualidade.carmelitas.pt\/boletim\/wp-json\/wp\/v2\/comments?post=2617"}],"version-history":[{"count":1,"href":"https:\/\/espiritualidade.carmelitas.pt\/boletim\/wp-json\/wp\/v2\/posts\/2617\/revisions"}],"predecessor-version":[{"id":2625,"href":"https:\/\/espiritualidade.carmelitas.pt\/boletim\/wp-json\/wp\/v2\/posts\/2617\/revisions\/2625"}],"wp:featuredmedia":[{"embeddable":true,"href":"https:\/\/espiritualidade.carmelitas.pt\/boletim\/wp-json\/wp\/v2\/media\/2623"}],"wp:attachment":[{"href":"https:\/\/espiritualidade.carmelitas.pt\/boletim\/wp-json\/wp\/v2\/media?parent=2617"}],"wp:term":[{"taxonomy":"category","embeddable":true,"href":"https:\/\/espiritualidade.carmelitas.pt\/boletim\/wp-json\/wp\/v2\/categories?post=2617"},{"taxonomy":"post_tag","embeddable":true,"href":"https:\/\/espiritualidade.carmelitas.pt\/boletim\/wp-json\/wp\/v2\/tags?post=2617"}],"curies":[{"name":"wp","href":"https:\/\/api.w.org\/{rel}","templated":true}]}}