{"id":2602,"date":"2020-12-31T14:54:00","date_gmt":"2020-12-31T14:54:00","guid":{"rendered":"https:\/\/espiritualidade.carmelitas.pt\/boletim\/?p=2602"},"modified":"2020-12-23T14:55:07","modified_gmt":"2020-12-23T14:55:07","slug":"do-clique-ao-toque-3","status":"publish","type":"post","link":"https:\/\/espiritualidade.carmelitas.pt\/boletim\/do-clique-ao-toque-3\/","title":{"rendered":"Do Clique ao Toque"},"content":{"rendered":"\n<p><em>\u00abO di\u00e1logo entre a vida e a f\u00e9 nos dispositivos digitais\u00bb<\/em><\/p>\n\n\n\n<p>\u00abO di\u00e1logo entre a vida e a f\u00e9 nos dispositivos digitais\u00bb \u00e9 o tema da 6\u00aa edi\u00e7\u00e3o do Clique ao Toque, que a Faculdade de Teologia e o Centro de Investiga\u00e7\u00e3o em Teologia e Estudos de Religi\u00e3o, est\u00e3o a organizar, com o apoio do Secretariado Nacional da Educa\u00e7\u00e3o Crist\u00e3. O encontro, estruturado em duas sess\u00f5es, ter\u00e1 lugar nos dias 30 de janeiro e 20 de fevereiro de 2021, entre as 09h30 e as 18h00. <\/p>\n","protected":false},"excerpt":{"rendered":"<p>\u00abO di\u00e1logo entre a vida e a f\u00e9 nos dispositivos digitais\u00bb \u00abO di\u00e1logo entre a vida e a f\u00e9 nos dispositivos digitais\u00bb \u00e9 o tema da 6\u00aa edi\u00e7\u00e3o do Clique [&hellip;]<\/p>\n","protected":false},"author":1,"featured_media":2585,"comment_status":"closed","ping_status":"open","sticky":false,"template":"","format":"standard","meta":{"_et_pb_use_builder":"off","_et_pb_old_content":"","_et_gb_content_width":"","footnotes":""},"categories":[1],"tags":[],"class_list":["post-2602","post","type-post","status-publish","format-standard","has-post-thumbnail","hentry","category-cursos","et-has-post-format-content","et_post_format-et-post-format-standard"],"_links":{"self":[{"href":"https:\/\/espiritualidade.carmelitas.pt\/boletim\/wp-json\/wp\/v2\/posts\/2602","targetHints":{"allow":["GET"]}}],"collection":[{"href":"https:\/\/espiritualidade.carmelitas.pt\/boletim\/wp-json\/wp\/v2\/posts"}],"about":[{"href":"https:\/\/espiritualidade.carmelitas.pt\/boletim\/wp-json\/wp\/v2\/types\/post"}],"author":[{"embeddable":true,"href":"https:\/\/espiritualidade.carmelitas.pt\/boletim\/wp-json\/wp\/v2\/users\/1"}],"replies":[{"embeddable":true,"href":"https:\/\/espiritualidade.carmelitas.pt\/boletim\/wp-json\/wp\/v2\/comments?post=2602"}],"version-history":[{"count":1,"href":"https:\/\/espiritualidade.carmelitas.pt\/boletim\/wp-json\/wp\/v2\/posts\/2602\/revisions"}],"predecessor-version":[{"id":2603,"href":"https:\/\/espiritualidade.carmelitas.pt\/boletim\/wp-json\/wp\/v2\/posts\/2602\/revisions\/2603"}],"wp:featuredmedia":[{"embeddable":true,"href":"https:\/\/espiritualidade.carmelitas.pt\/boletim\/wp-json\/wp\/v2\/media\/2585"}],"wp:attachment":[{"href":"https:\/\/espiritualidade.carmelitas.pt\/boletim\/wp-json\/wp\/v2\/media?parent=2602"}],"wp:term":[{"taxonomy":"category","embeddable":true,"href":"https:\/\/espiritualidade.carmelitas.pt\/boletim\/wp-json\/wp\/v2\/categories?post=2602"},{"taxonomy":"post_tag","embeddable":true,"href":"https:\/\/espiritualidade.carmelitas.pt\/boletim\/wp-json\/wp\/v2\/tags?post=2602"}],"curies":[{"name":"wp","href":"https:\/\/api.w.org\/{rel}","templated":true}]}}