{"id":2599,"date":"2020-12-31T02:52:00","date_gmt":"2020-12-31T02:52:00","guid":{"rendered":"https:\/\/espiritualidade.carmelitas.pt\/boletim\/?p=2599"},"modified":"2021-01-06T15:50:55","modified_gmt":"2021-01-06T15:50:55","slug":"xviii-rumos-janeiro-de-2021","status":"publish","type":"post","link":"https:\/\/espiritualidade.carmelitas.pt\/boletim\/xviii-rumos-janeiro-de-2021\/","title":{"rendered":"XVIII Rumos: janeiro de 2021"},"content":{"rendered":"\n<p><em>Encontro para jovens<\/em><\/p>\n\n\n\n<p>No fim de semana de 29 a 31 de janeiro realiza-se mais um encontro do Rumos, na Domus Carmeli, em F\u00e1tima.<\/p>\n\n\n\n<p>Rumos s\u00e3o encontros vocacionais destinados a jovens que pretendam discernir, clarificar ou confirmar a sua voca\u00e7\u00e3o, seja ela para a vida laical, matrimonial, sacerdotal ou consagrada. S\u00e3o orientados por dois casais, dois sacerdotes e dois consagrados que apresentar\u00e3o um conjunto de reflex\u00f5es e pistas de trabalho para que os jovens se possam questionar e descobrir o que \u00e9 que Deus espera deles.<\/p>\n\n\n\n<p>Al\u00e9m destes encontros, depois, cada jovem pode escolher um casal dos carmelitas seculares, um padre ou uma irm\u00e3 carmelitas para serem acompanhados pessoalmente.<\/p>\n\n\n\n<p>Pode saber mais sobre estes encontros atrav\u00e9s do seguinte acesso: https:\/\/youtu.be\/tODLBaIW9aM<\/p>\n\n\n\n<p>Para saber mais informa\u00e7\u00f5es contacte o email: amigos@carmelitas.pt<\/p>\n\n\n\n<p>J\u00e1 est\u00e3o abertas as inscri\u00e7\u00f5es!<\/p>\n","protected":false},"excerpt":{"rendered":"<p>Encontro para jovens No fim de semana de 29 a 31 de janeiro realiza-se mais um encontro do Rumos, na Domus Carmeli, em F\u00e1tima. Rumos s\u00e3o encontros vocacionais destinados a [&hellip;]<\/p>\n","protected":false},"author":1,"featured_media":2609,"comment_status":"closed","ping_status":"open","sticky":false,"template":"","format":"standard","meta":{"_et_pb_use_builder":"off","_et_pb_old_content":"","_et_gb_content_width":"","footnotes":""},"categories":[17],"tags":[],"class_list":["post-2599","post","type-post","status-publish","format-standard","has-post-thumbnail","hentry","category-jovens","et-has-post-format-content","et_post_format-et-post-format-standard"],"_links":{"self":[{"href":"https:\/\/espiritualidade.carmelitas.pt\/boletim\/wp-json\/wp\/v2\/posts\/2599","targetHints":{"allow":["GET"]}}],"collection":[{"href":"https:\/\/espiritualidade.carmelitas.pt\/boletim\/wp-json\/wp\/v2\/posts"}],"about":[{"href":"https:\/\/espiritualidade.carmelitas.pt\/boletim\/wp-json\/wp\/v2\/types\/post"}],"author":[{"embeddable":true,"href":"https:\/\/espiritualidade.carmelitas.pt\/boletim\/wp-json\/wp\/v2\/users\/1"}],"replies":[{"embeddable":true,"href":"https:\/\/espiritualidade.carmelitas.pt\/boletim\/wp-json\/wp\/v2\/comments?post=2599"}],"version-history":[{"count":2,"href":"https:\/\/espiritualidade.carmelitas.pt\/boletim\/wp-json\/wp\/v2\/posts\/2599\/revisions"}],"predecessor-version":[{"id":2611,"href":"https:\/\/espiritualidade.carmelitas.pt\/boletim\/wp-json\/wp\/v2\/posts\/2599\/revisions\/2611"}],"wp:featuredmedia":[{"embeddable":true,"href":"https:\/\/espiritualidade.carmelitas.pt\/boletim\/wp-json\/wp\/v2\/media\/2609"}],"wp:attachment":[{"href":"https:\/\/espiritualidade.carmelitas.pt\/boletim\/wp-json\/wp\/v2\/media?parent=2599"}],"wp:term":[{"taxonomy":"category","embeddable":true,"href":"https:\/\/espiritualidade.carmelitas.pt\/boletim\/wp-json\/wp\/v2\/categories?post=2599"},{"taxonomy":"post_tag","embeddable":true,"href":"https:\/\/espiritualidade.carmelitas.pt\/boletim\/wp-json\/wp\/v2\/tags?post=2599"}],"curies":[{"name":"wp","href":"https:\/\/api.w.org\/{rel}","templated":true}]}}