{"id":2597,"date":"2020-12-31T02:50:00","date_gmt":"2020-12-31T02:50:00","guid":{"rendered":"https:\/\/espiritualidade.carmelitas.pt\/boletim\/?p=2597"},"modified":"2020-12-23T14:52:03","modified_gmt":"2020-12-23T14:52:03","slug":"caminhos-cruzados","status":"publish","type":"post","link":"https:\/\/espiritualidade.carmelitas.pt\/boletim\/caminhos-cruzados\/","title":{"rendered":"Caminhos Cruzados"},"content":{"rendered":"\n<p><em>Curso \u201cFilosofia, Literatura, Espiritualidade\u201d<\/em><\/p>\n\n\n\n<p>\u00abCaminhos Cruzados \u2013 Filosofia, Literatura, Espiritualidade\u00bb \u00e9 o tema da nova edi\u00e7\u00e3o do curso que a comunidade da Capela do Rato, em Lisboa, promove a partir de janeiro de 2021. A forma\u00e7\u00e3o tem in\u00edcio a 11 de janeiro, com a interven\u00e7\u00e3o do cardeal Tolentino Mendon\u00e7a, sobre a nova enc\u00edclica do Papa Francisco, Fratelli tutti. Ao longo de quinze sess\u00f5es, que decorrem at\u00e9 abril sempre das 19h00 \u00e0s 20h00, vai ser poss\u00edvel analisar \u00abAlice no pa\u00eds das maravilhas\u00bb, numa reflex\u00e3o de Miguel Tamen; o escritor \u00e1rabe Khalil Gibran atrav\u00e9s do pensamento do padre Adelino Ascenso; \u00abHomo Deus\u00bb, por Manuel Jos\u00e9 Carmo Ferreira; \u00ab\u00c1gora\u00bb, conta com coment\u00e1rio de Francisco de Almeida Dias; \u00abSe isto \u00e9 um homem\u00bb, vai contar com a an\u00e1lise de Maria Lu\u00edsa Ribeiro Ferreira. O padre Alexandre Palma, Vice-Diretor da Faculdade de Teologia da UCP reflete sobre a obra \u00abPaci\u00eancia com Deus\u00bb do checo padre Tom\u00e1\u0161 Hal\u00edk. Haver\u00e1 ainda a reflex\u00e3o sobre as obras: \u00abO dia dos prod\u00edgios\u00bb, \u00abO livro do meio\u00bb, \u00abA divina com\u00e9dia\u00bb; \u00abO admir\u00e1vel mundo novo\u00bb, \u00abMrs. Dalloway\u00bb, \u00abRegresso \u00e0 terra\u00bb e \u00abDi\u00e1rio de um p\u00e1roco de aldeia\u00bb. <\/p>\n\n\n\n<figure class=\"wp-block-embed is-type-wp-embed is-provider-capela-do-rato wp-block-embed-capela-do-rato\"><div class=\"wp-block-embed__wrapper\">\n<blockquote class=\"wp-embedded-content\" data-secret=\"QLtOp2ftUr\"><a href=\"https:\/\/www.capeladorato.org\/2020\/12\/08\/caminhos-cruzados-curso-filosofia-literatura-espiritualidade\/\">Caminhos Cruzados &#8211; Curso &#8220;Filosofia, Literatura, Espiritualidade&#8221;<\/a><\/blockquote><iframe class=\"wp-embedded-content\" sandbox=\"allow-scripts\" security=\"restricted\" style=\"position: absolute; clip: rect(1px, 1px, 1px, 1px);\" title=\"&#8220;Caminhos Cruzados &#8211; Curso &#8220;Filosofia, Literatura, Espiritualidade&#8221;&#8221; &#8212; Capela do Rato\" src=\"https:\/\/www.capeladorato.org\/2020\/12\/08\/caminhos-cruzados-curso-filosofia-literatura-espiritualidade\/embed\/#?secret=QLtOp2ftUr\" data-secret=\"QLtOp2ftUr\" width=\"600\" height=\"338\" frameborder=\"0\" marginwidth=\"0\" marginheight=\"0\" scrolling=\"no\"><\/iframe>\n<\/div><\/figure>\n","protected":false},"excerpt":{"rendered":"<p>Curso \u201cFilosofia, Literatura, Espiritualidade\u201d \u00abCaminhos Cruzados \u2013 Filosofia, Literatura, Espiritualidade\u00bb \u00e9 o tema da nova edi\u00e7\u00e3o do curso que a comunidade da Capela do Rato, em Lisboa, promove a partir [&hellip;]<\/p>\n","protected":false},"author":1,"featured_media":0,"comment_status":"closed","ping_status":"open","sticky":false,"template":"","format":"standard","meta":{"_et_pb_use_builder":"off","_et_pb_old_content":"","_et_gb_content_width":"","footnotes":""},"categories":[37],"tags":[],"class_list":["post-2597","post","type-post","status-publish","format-standard","hentry","category-formacao","et-doesnt-have-format-content","et_post_format-et-post-format-standard"],"_links":{"self":[{"href":"https:\/\/espiritualidade.carmelitas.pt\/boletim\/wp-json\/wp\/v2\/posts\/2597","targetHints":{"allow":["GET"]}}],"collection":[{"href":"https:\/\/espiritualidade.carmelitas.pt\/boletim\/wp-json\/wp\/v2\/posts"}],"about":[{"href":"https:\/\/espiritualidade.carmelitas.pt\/boletim\/wp-json\/wp\/v2\/types\/post"}],"author":[{"embeddable":true,"href":"https:\/\/espiritualidade.carmelitas.pt\/boletim\/wp-json\/wp\/v2\/users\/1"}],"replies":[{"embeddable":true,"href":"https:\/\/espiritualidade.carmelitas.pt\/boletim\/wp-json\/wp\/v2\/comments?post=2597"}],"version-history":[{"count":1,"href":"https:\/\/espiritualidade.carmelitas.pt\/boletim\/wp-json\/wp\/v2\/posts\/2597\/revisions"}],"predecessor-version":[{"id":2598,"href":"https:\/\/espiritualidade.carmelitas.pt\/boletim\/wp-json\/wp\/v2\/posts\/2597\/revisions\/2598"}],"wp:attachment":[{"href":"https:\/\/espiritualidade.carmelitas.pt\/boletim\/wp-json\/wp\/v2\/media?parent=2597"}],"wp:term":[{"taxonomy":"category","embeddable":true,"href":"https:\/\/espiritualidade.carmelitas.pt\/boletim\/wp-json\/wp\/v2\/categories?post=2597"},{"taxonomy":"post_tag","embeddable":true,"href":"https:\/\/espiritualidade.carmelitas.pt\/boletim\/wp-json\/wp\/v2\/tags?post=2597"}],"curies":[{"name":"wp","href":"https:\/\/api.w.org\/{rel}","templated":true}]}}