{"id":2409,"date":"2020-06-30T02:15:00","date_gmt":"2020-06-30T02:15:00","guid":{"rendered":"https:\/\/espiritualidade.carmelitas.pt\/boletim\/?p=2409"},"modified":"2020-06-29T08:17:08","modified_gmt":"2020-06-29T08:17:08","slug":"espiritualidade-arte-e-poesia","status":"publish","type":"post","link":"https:\/\/espiritualidade.carmelitas.pt\/boletim\/espiritualidade-arte-e-poesia\/","title":{"rendered":"Espiritualidade, Arte e Poesia"},"content":{"rendered":"\n<p><em>Ciclo de confer\u00eancias<\/em><br>A Pastoral da Cultura da Arquidiocese de Braga est\u00e1 a organizar mais um ciclo de confer\u00eancias, desta vez em formato de videoconfer\u00eancia, durante os meses de junho e julho, em parceria com o Centro Regional de Braga da Universidade Cat\u00f3lica, intitulado \u201cEspiritualidade, Arte e Poesia: o ser humano procura o que est\u00e1 ao longe&#8221;. Dividido em seis sess\u00f5es, este ciclo contar\u00e1 com a presen\u00e7a de distintos oradores, que preencher\u00e3o com experi\u00eancia e sabedoria todos os encontros desta forma\u00e7\u00e3o. A sess\u00e3o do dia 2 de julho ser\u00e1 dedicada \u00e0 Espiritualidade e a Arte na transforma\u00e7\u00e3o do tempo e do espa\u00e7o, com o escritor M\u00e1rio Cl\u00e1udio. A quinta sess\u00e3o, a 6 de julho, ter\u00e1 a presen\u00e7a do sacerdote e pintor Adelino Ascenso para refletir sobre O lugar da Arte. O lugar da poesia e da pintura. O lugar da Vida. Na sexta e \u00faltima sess\u00e3o, a 9 de julho, contar\u00e1 com a presen\u00e7a do ator e encenador Lu\u00eds Miguel Cintra, que encerrar\u00e1 o ciclo de confer\u00eancias refletindo sobre a Aprendizagem e compet\u00eancias comunicacionais por meio das artes. <\/p>\n\n\n\n<p><a href=\"http:\/\/www.arquidiocese-braga.pt\/culturaedialogo\/noticia\/25100\/\">http:\/\/www.arquidiocese-braga.pt\/culturaedialogo\/noticia\/25100\/<\/a><\/p>\n","protected":false},"excerpt":{"rendered":"<p>Ciclo de confer\u00eanciasA Pastoral da Cultura da Arquidiocese de Braga est\u00e1 a organizar mais um ciclo de confer\u00eancias, desta vez em formato de videoconfer\u00eancia, durante os meses de junho e [&hellip;]<\/p>\n","protected":false},"author":1,"featured_media":2413,"comment_status":"closed","ping_status":"open","sticky":false,"template":"","format":"standard","meta":{"_et_pb_use_builder":"off","_et_pb_old_content":"","_et_gb_content_width":"","footnotes":""},"categories":[3],"tags":[],"class_list":["post-2409","post","type-post","status-publish","format-standard","has-post-thumbnail","hentry","category-conferencias","et-has-post-format-content","et_post_format-et-post-format-standard"],"_links":{"self":[{"href":"https:\/\/espiritualidade.carmelitas.pt\/boletim\/wp-json\/wp\/v2\/posts\/2409","targetHints":{"allow":["GET"]}}],"collection":[{"href":"https:\/\/espiritualidade.carmelitas.pt\/boletim\/wp-json\/wp\/v2\/posts"}],"about":[{"href":"https:\/\/espiritualidade.carmelitas.pt\/boletim\/wp-json\/wp\/v2\/types\/post"}],"author":[{"embeddable":true,"href":"https:\/\/espiritualidade.carmelitas.pt\/boletim\/wp-json\/wp\/v2\/users\/1"}],"replies":[{"embeddable":true,"href":"https:\/\/espiritualidade.carmelitas.pt\/boletim\/wp-json\/wp\/v2\/comments?post=2409"}],"version-history":[{"count":1,"href":"https:\/\/espiritualidade.carmelitas.pt\/boletim\/wp-json\/wp\/v2\/posts\/2409\/revisions"}],"predecessor-version":[{"id":2414,"href":"https:\/\/espiritualidade.carmelitas.pt\/boletim\/wp-json\/wp\/v2\/posts\/2409\/revisions\/2414"}],"wp:featuredmedia":[{"embeddable":true,"href":"https:\/\/espiritualidade.carmelitas.pt\/boletim\/wp-json\/wp\/v2\/media\/2413"}],"wp:attachment":[{"href":"https:\/\/espiritualidade.carmelitas.pt\/boletim\/wp-json\/wp\/v2\/media?parent=2409"}],"wp:term":[{"taxonomy":"category","embeddable":true,"href":"https:\/\/espiritualidade.carmelitas.pt\/boletim\/wp-json\/wp\/v2\/categories?post=2409"},{"taxonomy":"post_tag","embeddable":true,"href":"https:\/\/espiritualidade.carmelitas.pt\/boletim\/wp-json\/wp\/v2\/tags?post=2409"}],"curies":[{"name":"wp","href":"https:\/\/api.w.org\/{rel}","templated":true}]}}