{"id":2402,"date":"2020-05-31T02:08:00","date_gmt":"2020-05-31T02:08:00","guid":{"rendered":"https:\/\/espiritualidade.carmelitas.pt\/boletim\/?p=2402"},"modified":"2020-05-27T08:02:22","modified_gmt":"2020-05-27T08:02:22","slug":"a-doce-promessa-de-cristo-ressuscitado","status":"publish","type":"post","link":"https:\/\/espiritualidade.carmelitas.pt\/boletim\/a-doce-promessa-de-cristo-ressuscitado\/","title":{"rendered":"\u00c0 DOCE PROMESSA DE CRISTO RESSUSCITADO"},"content":{"rendered":"\n<p><\/p>\n\n\n\n<p><em>Frei Jo\u00e3o Costa, OCD<\/em><\/p>\n\n\n\n<p><br>\u00abE Eu pedirei ao Pai, que vos dar\u00e1 outro Par\u00e1clito,<br>para estar sempre convosco:<br>Ele \u00e9 o Esp\u00edrito da verdade,<br>que o mundo n\u00e3o pode receber.\u00bb (Jo\u00e3o 14:16-17)<\/p>\n\n\n\n<p>\u00d3 Esp\u00edrito Santo Defensor,<br>doce promessa de Cristo ressuscitado,<br>a n\u00f3s, disc\u00edpulos, fala-nos, guia-nos e defende-nos<br>nestes duros tempos de medo e suspeita.<\/p>\n\n\n\n<p>Vem, Esp\u00edrito Santo,<br>fala-nos, guia-nos e defende-nos<br>dos medos e temores que nos entorpecem,<br>dos desesperos que nos desbordam,<br>das melancolias que nos coarctam,<br>do pessimismo que nos paralisa o andar.<br>E traz-nos o vento fresco de renova\u00e7\u00e3o.<\/p>\n\n\n\n<p>Vem, Esp\u00edrito Santo,<br>fala-nos, guia-nos e defende-nos<br>dos des\u00e2nimos que nos tolhem,<br>das cobardias que nos afogam no pessimismo,<br>da irrita\u00e7\u00e3o por estarmos confinados,<br>do mau humor provocado por tanta fake news.<br>E traz-nos a chuva suave que fecunda o cora\u00e7\u00e3o.<\/p>\n\n\n\n<p>Vem, Esp\u00edrito Santo,<br>fala-nos, guia-nos e defende-nos<br>do nosso cora\u00e7\u00e3o duro e insolid\u00e1rio,<br>das nossas consci\u00eancias ego\u00edstas,<br>do permanente estado de suspeita do outro,<br>dos mascarados de falso moralismo.<br>E traz-nos o calor que aquece e anima a alma.<\/p>\n\n\n\n<p>Vem, Esp\u00edrito Santo,<br>fala-nos, guia-nos e defende-nos<br>do nosso orgulho revestido de prepot\u00eancia,<br>das vaidades que trepam pedestais e poleiros,<br>das opini\u00f5es publicadas como verdades,<br>das intransig\u00eancias impostas como solu\u00e7\u00e3o.<br>E traz-nos a suavidade da tua m\u00e3o que acalma.<\/p>\n\n\n\n<p>Vem, Esp\u00edrito Santo,<br>fala-nos, guia-nos e defende-nos<br>dos nossos ensimesmamentos ingratos,<br>das nossas introvers\u00f5es defensivas e agressivas,<br>dos nossos dogmatismos ideol\u00f3gicos,<br>da nossa dureza feita de irredutibilidades.<br>E traz-nos latidos de paz que construam comunidade,<br>ergam pontes e semeiem rela\u00e7\u00f5es solid\u00e1rias e justas.<\/p>\n\n\n\n<p>Vem, Esp\u00edrito Santo,<br>fala-nos, guia-nos e defende-nos<br>de toda a maledic\u00eancia,<br>de toda a linguagem e pensamentos negativos,<br>de toda a cr\u00edtica perversa,<br>de todo o coment\u00e1rio corrosivo e malintencionado,<br>de toda a mentira podre e imunda<br>que destroem e infectam rela\u00e7\u00f5es.<br>E traz-nos a serenidade da luz da alvorada<br>sobre a obra da cria\u00e7\u00e3o.<\/p>\n\n\n\n<p>Vem, Esp\u00edrito Santo,<br>fala-nos, guia-nos e defende-nos<br>de toda a viol\u00eancia sobre os pobres e os fracos,<br>de toda a frieza dos rancores e \u00f3dios,<br>de todas as vingan\u00e7as que fazem definhar<br>os jardins do perd\u00e3o e da comunh\u00e3o<br>e traz-nos a do\u00e7ura da paz entre os irm\u00e3os.<\/p>\n\n\n\n<p>Vem, Esp\u00edrito Santo,<br>fala-nos, guia-nos e defende-nos de todo o mal,<br>das mentiras e acusa\u00e7\u00f5es do Maligno,<br>do pecado e das m\u00e1s inclina\u00e7\u00f5es,<br>do auto-apagamento confort\u00e1vel,<br>da apatia irrespons\u00e1vel,<br>do pacto com a mediocridade,<br>das ced\u00eancias acr\u00edticas \u00e0 passividade<br>e d\u00e1-nos a firmeza do teu fogo.<\/p>\n\n\n\n<p>Vem, Esp\u00edrito Santo<br>fala-nos, guia-nos defende-nos de n\u00f3s mesmos<br>n\u00e3o nos deixes cair na clausura por falsa seguran\u00e7a,<br>torna-nos sens\u00edveis \u00e0s dores e \u00e0s fomes do mundo,<br>torna-nos sens\u00edveis \u00e0 beleza e ao bom humor,<br>\u00e0 criatividade cheia de ternura e bondade,<br>ao amor sempre generoso para com todos<br>e traz-nos a for\u00e7a que rebenta com os ferrolhos<br>e impele as velas das naves destro\u00e7adas.<\/p>\n","protected":false},"excerpt":{"rendered":"<p>Frei Jo\u00e3o Costa, OCD \u00abE Eu pedirei ao Pai, que vos dar\u00e1 outro Par\u00e1clito,para estar sempre convosco:Ele \u00e9 o Esp\u00edrito da verdade,que o mundo n\u00e3o pode receber.\u00bb (Jo\u00e3o 14:16-17) \u00d3 [&hellip;]<\/p>\n","protected":false},"author":1,"featured_media":2396,"comment_status":"closed","ping_status":"open","sticky":false,"template":"","format":"standard","meta":{"_et_pb_use_builder":"off","_et_pb_old_content":"","_et_gb_content_width":"","footnotes":""},"categories":[14],"tags":[],"class_list":["post-2402","post","type-post","status-publish","format-standard","has-post-thumbnail","hentry","category-oracao","et-has-post-format-content","et_post_format-et-post-format-standard"],"_links":{"self":[{"href":"https:\/\/espiritualidade.carmelitas.pt\/boletim\/wp-json\/wp\/v2\/posts\/2402","targetHints":{"allow":["GET"]}}],"collection":[{"href":"https:\/\/espiritualidade.carmelitas.pt\/boletim\/wp-json\/wp\/v2\/posts"}],"about":[{"href":"https:\/\/espiritualidade.carmelitas.pt\/boletim\/wp-json\/wp\/v2\/types\/post"}],"author":[{"embeddable":true,"href":"https:\/\/espiritualidade.carmelitas.pt\/boletim\/wp-json\/wp\/v2\/users\/1"}],"replies":[{"embeddable":true,"href":"https:\/\/espiritualidade.carmelitas.pt\/boletim\/wp-json\/wp\/v2\/comments?post=2402"}],"version-history":[{"count":1,"href":"https:\/\/espiritualidade.carmelitas.pt\/boletim\/wp-json\/wp\/v2\/posts\/2402\/revisions"}],"predecessor-version":[{"id":2403,"href":"https:\/\/espiritualidade.carmelitas.pt\/boletim\/wp-json\/wp\/v2\/posts\/2402\/revisions\/2403"}],"wp:featuredmedia":[{"embeddable":true,"href":"https:\/\/espiritualidade.carmelitas.pt\/boletim\/wp-json\/wp\/v2\/media\/2396"}],"wp:attachment":[{"href":"https:\/\/espiritualidade.carmelitas.pt\/boletim\/wp-json\/wp\/v2\/media?parent=2402"}],"wp:term":[{"taxonomy":"category","embeddable":true,"href":"https:\/\/espiritualidade.carmelitas.pt\/boletim\/wp-json\/wp\/v2\/categories?post=2402"},{"taxonomy":"post_tag","embeddable":true,"href":"https:\/\/espiritualidade.carmelitas.pt\/boletim\/wp-json\/wp\/v2\/tags?post=2402"}],"curies":[{"name":"wp","href":"https:\/\/api.w.org\/{rel}","templated":true}]}}