{"id":2400,"date":"2020-05-31T02:07:00","date_gmt":"2020-05-31T02:07:00","guid":{"rendered":"https:\/\/espiritualidade.carmelitas.pt\/boletim\/?p=2400"},"modified":"2020-05-27T08:01:18","modified_gmt":"2020-05-27T08:01:18","slug":"iv-congresso-mundial-sanjoanino","status":"publish","type":"post","link":"https:\/\/espiritualidade.carmelitas.pt\/boletim\/iv-congresso-mundial-sanjoanino\/","title":{"rendered":"IV Congresso Mundial Sanjoanino"},"content":{"rendered":"\n<p><em>Chama de Amor Viva<\/em><\/p>\n\n\n\n<p><br>&#8220;Chama de Amor Viva&#8221; \u00e9 uma das obras mais conhecidas do m\u00edstico Carmelita S. Jo\u00e3o da Cruz. Cheio de intelig\u00eancia m\u00edstica e genialidade liter\u00e1ria, de abundante experi\u00eancia m\u00edstica e extraordin\u00e1ria capacidade de express\u00e3o, empreendeu uma nova e original obra, vencendo a inefabilidade do mist\u00e9rio: \u00abonde os mais avantajados escritores dela [a m\u00edstica] parece que acabam, come\u00e7a o vener\u00e1vel Padre\u00bb. Este congresso mundial, a realizar em \u00c1vila de 31 de agosto a 6 de setembro, ter\u00e1 grandes especialistas que ajudar\u00e3o a entrar no centro mais profundo da obra, para entender a amplitude e amplitude da experi\u00eancia e doutrina de Juan de la Cruz. \uf320<\/p>\n","protected":false},"excerpt":{"rendered":"<p>Chama de Amor Viva &#8220;Chama de Amor Viva&#8221; \u00e9 uma das obras mais conhecidas do m\u00edstico Carmelita S. Jo\u00e3o da Cruz. Cheio de intelig\u00eancia m\u00edstica e genialidade liter\u00e1ria, de abundante [&hellip;]<\/p>\n","protected":false},"author":1,"featured_media":2394,"comment_status":"closed","ping_status":"open","sticky":false,"template":"","format":"standard","meta":{"_et_pb_use_builder":"off","_et_pb_old_content":"","_et_gb_content_width":"","footnotes":""},"categories":[12],"tags":[],"class_list":["post-2400","post","type-post","status-publish","format-standard","has-post-thumbnail","hentry","category-congressos","et-has-post-format-content","et_post_format-et-post-format-standard"],"_links":{"self":[{"href":"https:\/\/espiritualidade.carmelitas.pt\/boletim\/wp-json\/wp\/v2\/posts\/2400","targetHints":{"allow":["GET"]}}],"collection":[{"href":"https:\/\/espiritualidade.carmelitas.pt\/boletim\/wp-json\/wp\/v2\/posts"}],"about":[{"href":"https:\/\/espiritualidade.carmelitas.pt\/boletim\/wp-json\/wp\/v2\/types\/post"}],"author":[{"embeddable":true,"href":"https:\/\/espiritualidade.carmelitas.pt\/boletim\/wp-json\/wp\/v2\/users\/1"}],"replies":[{"embeddable":true,"href":"https:\/\/espiritualidade.carmelitas.pt\/boletim\/wp-json\/wp\/v2\/comments?post=2400"}],"version-history":[{"count":1,"href":"https:\/\/espiritualidade.carmelitas.pt\/boletim\/wp-json\/wp\/v2\/posts\/2400\/revisions"}],"predecessor-version":[{"id":2401,"href":"https:\/\/espiritualidade.carmelitas.pt\/boletim\/wp-json\/wp\/v2\/posts\/2400\/revisions\/2401"}],"wp:featuredmedia":[{"embeddable":true,"href":"https:\/\/espiritualidade.carmelitas.pt\/boletim\/wp-json\/wp\/v2\/media\/2394"}],"wp:attachment":[{"href":"https:\/\/espiritualidade.carmelitas.pt\/boletim\/wp-json\/wp\/v2\/media?parent=2400"}],"wp:term":[{"taxonomy":"category","embeddable":true,"href":"https:\/\/espiritualidade.carmelitas.pt\/boletim\/wp-json\/wp\/v2\/categories?post=2400"},{"taxonomy":"post_tag","embeddable":true,"href":"https:\/\/espiritualidade.carmelitas.pt\/boletim\/wp-json\/wp\/v2\/tags?post=2400"}],"curies":[{"name":"wp","href":"https:\/\/api.w.org\/{rel}","templated":true}]}}