{"id":2398,"date":"2020-05-31T06:07:00","date_gmt":"2020-05-31T06:07:00","guid":{"rendered":"https:\/\/espiritualidade.carmelitas.pt\/boletim\/?p=2398"},"modified":"2020-05-27T07:59:39","modified_gmt":"2020-05-27T07:59:39","slug":"cuidar-da-casa-comum","status":"publish","type":"post","link":"https:\/\/espiritualidade.carmelitas.pt\/boletim\/cuidar-da-casa-comum\/","title":{"rendered":"Cuidar da Casa Comum"},"content":{"rendered":"\n<p><em>Laudato si\u2019 \u2013 Sobre o cuidado da casa comum<\/em><\/p>\n\n\n\n<p>A rede \u2018Cuidar da Casa Comum\u2019 \u00e9 constitu\u00edda por institui\u00e7\u00f5es, organiza\u00e7\u00f5es, obras, movimentos da Igreja Cat\u00f3lica e de outras igrejas crist\u00e3s, pessoas a t\u00edtulo individual, e prop\u00f5e-se aprofundar e difundir a enc\u00edclica &#8220;Laudato si \u2013 Sobre o cuidado da casa comum&#8221;. Tem tamb\u00e9m por objectivo acompanhar, no espa\u00e7o eclesial, as quest\u00f5es ecol\u00f3gicas de \u00e2mbito nacional e mundial, evidenciando as suas causas e consequ\u00eancias e equacionando-as \u00e0 luz da enc\u00edclica Laudato si\u2019, de modo a promover a tomada de consci\u00eancia colectiva acerca da sua relev\u00e2ncia e urg\u00eancia. Visa tamb\u00e9m promover nas comunidades crist\u00e3s e nos respectivos espa\u00e7os (par\u00f3quias, escolas, obras e movimentos) uma efectiva convers\u00e3o ecol\u00f3gica e sugerir caminhos de actua\u00e7\u00e3o concreta com vista a uma ecologia integral. A Rede \u00e9 uma plataforma aberta \u00e0 participa\u00e7\u00e3o ecum\u00e9nica, animada por uma Comiss\u00e3o de Coordena\u00e7\u00e3o, apoiada por uma Comiss\u00e3o Executiva, uma Comiss\u00e3o de apoio teol\u00f3gico e cient\u00edfico e uma Comiss\u00e3o de informa\u00e7\u00e3o e documenta\u00e7\u00e3o. Mais informa\u00e7\u00f5es em casacomum.pt. \uf320<\/p>\n","protected":false},"excerpt":{"rendered":"<p>Laudato si\u2019 \u2013 Sobre o cuidado da casa comum A rede \u2018Cuidar da Casa Comum\u2019 \u00e9 constitu\u00edda por institui\u00e7\u00f5es, organiza\u00e7\u00f5es, obras, movimentos da Igreja Cat\u00f3lica e de outras igrejas crist\u00e3s, [&hellip;]<\/p>\n","protected":false},"author":1,"featured_media":2392,"comment_status":"closed","ping_status":"open","sticky":false,"template":"","format":"standard","meta":{"_et_pb_use_builder":"off","_et_pb_old_content":"","_et_gb_content_width":"","footnotes":""},"categories":[13],"tags":[],"class_list":["post-2398","post","type-post","status-publish","format-standard","has-post-thumbnail","hentry","category-divulgacao","et-has-post-format-content","et_post_format-et-post-format-standard"],"_links":{"self":[{"href":"https:\/\/espiritualidade.carmelitas.pt\/boletim\/wp-json\/wp\/v2\/posts\/2398","targetHints":{"allow":["GET"]}}],"collection":[{"href":"https:\/\/espiritualidade.carmelitas.pt\/boletim\/wp-json\/wp\/v2\/posts"}],"about":[{"href":"https:\/\/espiritualidade.carmelitas.pt\/boletim\/wp-json\/wp\/v2\/types\/post"}],"author":[{"embeddable":true,"href":"https:\/\/espiritualidade.carmelitas.pt\/boletim\/wp-json\/wp\/v2\/users\/1"}],"replies":[{"embeddable":true,"href":"https:\/\/espiritualidade.carmelitas.pt\/boletim\/wp-json\/wp\/v2\/comments?post=2398"}],"version-history":[{"count":1,"href":"https:\/\/espiritualidade.carmelitas.pt\/boletim\/wp-json\/wp\/v2\/posts\/2398\/revisions"}],"predecessor-version":[{"id":2399,"href":"https:\/\/espiritualidade.carmelitas.pt\/boletim\/wp-json\/wp\/v2\/posts\/2398\/revisions\/2399"}],"wp:featuredmedia":[{"embeddable":true,"href":"https:\/\/espiritualidade.carmelitas.pt\/boletim\/wp-json\/wp\/v2\/media\/2392"}],"wp:attachment":[{"href":"https:\/\/espiritualidade.carmelitas.pt\/boletim\/wp-json\/wp\/v2\/media?parent=2398"}],"wp:term":[{"taxonomy":"category","embeddable":true,"href":"https:\/\/espiritualidade.carmelitas.pt\/boletim\/wp-json\/wp\/v2\/categories?post=2398"},{"taxonomy":"post_tag","embeddable":true,"href":"https:\/\/espiritualidade.carmelitas.pt\/boletim\/wp-json\/wp\/v2\/tags?post=2398"}],"curies":[{"name":"wp","href":"https:\/\/api.w.org\/{rel}","templated":true}]}}