{"id":2194,"date":"2019-08-31T02:14:27","date_gmt":"2019-08-31T02:14:27","guid":{"rendered":"https:\/\/espiritualidade.carmelitas.pt\/boletim\/?p=2194"},"modified":"2019-08-29T14:59:07","modified_gmt":"2019-08-29T14:59:07","slug":"congresso-as-fontes-da-alegria","status":"publish","type":"post","link":"https:\/\/espiritualidade.carmelitas.pt\/boletim\/congresso-as-fontes-da-alegria\/","title":{"rendered":"Congresso: As Fontes da Alegria"},"content":{"rendered":"\n<p><br><em>VII Congresso de Espiritualidade, 18 a 20 de outubro de 2019<\/em><br><\/p>\n\n\n\n<p>Um n\u00famero consider\u00e1vel de pessoas j\u00e1 se inscreveu para o VII Congresso de Espiritualidade sob o tema: As fontes da Alegria. O magist\u00e9rio do Papa Francisco tem insistido no tema da alegria como fruto e sinal vis\u00edvel de santidade de vida. As v\u00e1rias exorta\u00e7\u00f5es apost\u00f3licas A Alegria do Evangelho, A Alegria do Amor, Alegrai-vos e Exultai\u2026 s\u00e3o a prova desta tem\u00e1tica dominante do atual Pastor da Igreja Universal. Os organizadores, ao programarem o VII Congresso de Espiritualidade decidiram sintonizar com o magist\u00e9rio do Papa Francisco e perguntar-se pelas realidades da vida espiritual que conduzem a esta alegria. Quais s\u00e3o as fontes da espiritualidade crist\u00e3 que geram a alegria desejada pelo Criador para cada um dos seus filhos? S\u00e3o oradores deste evento: Prof. Jo\u00e3o C\u00e9sar das Neves, P. M\u00e1rio Jos\u00e9 de Sousa, Prof. Alexandre Freire Duarte, P.  Manuel Rocha, Ant\u00f3nio e Luisa Carvalho, L\u00edgia Pereira, Ir. Maria Jos\u00e9 Mari\u00f1o, P. Carlos Gon\u00e7alves e P. Jo\u00e3o Rego. Est\u00e3o convidados para este congresso todos aqueles que experimentam a sede da alegria de Deus, buscando juntos as raz\u00f5es mais profundas desta alegria. Inscreva-se tamb\u00e9m!. A organiza\u00e7\u00e3o est\u00e1 a cargo dos institutos de inspira\u00e7\u00e3o carmelita. <\/p>\n\n\n\n<p> <a href=\"https:\/\/domuscarmeli.net\/wp\/2019\/04\/vii-congresso-de-espiritualidade-as-fontes-da-alegria-18-a-20-de-outubro-de-2019-domus-carmeli-fatima\/\">https:\/\/domuscarmeli.net\/wp\/2019\/04\/vii-congresso-de-espiritualidade-as-fontes-da-alegria-18-a-20-de-outubro-de-2019-domus-carmeli-fatima\/<\/a> <\/p>\n","protected":false},"excerpt":{"rendered":"<p>VII Congresso de Espiritualidade, 18 a 20 de outubro de 2019 Um n\u00famero consider\u00e1vel de pessoas j\u00e1 se inscreveu para o VII Congresso de Espiritualidade sob o tema: As fontes [&hellip;]<\/p>\n","protected":false},"author":1,"featured_media":2083,"comment_status":"closed","ping_status":"open","sticky":false,"template":"","format":"standard","meta":{"_et_pb_use_builder":"off","_et_pb_old_content":"","_et_gb_content_width":"","footnotes":""},"categories":[12],"tags":[],"class_list":["post-2194","post","type-post","status-publish","format-standard","has-post-thumbnail","hentry","category-congressos","et-has-post-format-content","et_post_format-et-post-format-standard"],"_links":{"self":[{"href":"https:\/\/espiritualidade.carmelitas.pt\/boletim\/wp-json\/wp\/v2\/posts\/2194","targetHints":{"allow":["GET"]}}],"collection":[{"href":"https:\/\/espiritualidade.carmelitas.pt\/boletim\/wp-json\/wp\/v2\/posts"}],"about":[{"href":"https:\/\/espiritualidade.carmelitas.pt\/boletim\/wp-json\/wp\/v2\/types\/post"}],"author":[{"embeddable":true,"href":"https:\/\/espiritualidade.carmelitas.pt\/boletim\/wp-json\/wp\/v2\/users\/1"}],"replies":[{"embeddable":true,"href":"https:\/\/espiritualidade.carmelitas.pt\/boletim\/wp-json\/wp\/v2\/comments?post=2194"}],"version-history":[{"count":1,"href":"https:\/\/espiritualidade.carmelitas.pt\/boletim\/wp-json\/wp\/v2\/posts\/2194\/revisions"}],"predecessor-version":[{"id":2195,"href":"https:\/\/espiritualidade.carmelitas.pt\/boletim\/wp-json\/wp\/v2\/posts\/2194\/revisions\/2195"}],"wp:featuredmedia":[{"embeddable":true,"href":"https:\/\/espiritualidade.carmelitas.pt\/boletim\/wp-json\/wp\/v2\/media\/2083"}],"wp:attachment":[{"href":"https:\/\/espiritualidade.carmelitas.pt\/boletim\/wp-json\/wp\/v2\/media?parent=2194"}],"wp:term":[{"taxonomy":"category","embeddable":true,"href":"https:\/\/espiritualidade.carmelitas.pt\/boletim\/wp-json\/wp\/v2\/categories?post=2194"},{"taxonomy":"post_tag","embeddable":true,"href":"https:\/\/espiritualidade.carmelitas.pt\/boletim\/wp-json\/wp\/v2\/tags?post=2194"}],"curies":[{"name":"wp","href":"https:\/\/api.w.org\/{rel}","templated":true}]}}