{"id":2192,"date":"2019-08-31T02:08:25","date_gmt":"2019-08-31T02:08:25","guid":{"rendered":"https:\/\/espiritualidade.carmelitas.pt\/boletim\/?p=2192"},"modified":"2019-08-29T15:00:27","modified_gmt":"2019-08-29T15:00:27","slug":"escola-de-oracao-3","status":"publish","type":"post","link":"https:\/\/espiritualidade.carmelitas.pt\/boletim\/escola-de-oracao-3\/","title":{"rendered":"Escola de Ora\u00e7\u00e3o"},"content":{"rendered":"\n<p><br><em>Segunda edi\u00e7\u00e3o com in\u00edcio a 15 de novembro de 2019<\/em><br><\/p>\n\n\n\n<p>A Ordem dos Carmelitas Descal\u00e7os, depois da excelente experi\u00eancia com a primeira edi\u00e7\u00e3o da Escola de Ora\u00e7\u00e3o que decorreu na Domus Carmeli, em F\u00e1tima, durante o ano pastoral 2018-2019, inicia no m\u00eas de novembro a 2\u00aa edi\u00e7\u00e3o desta Escola. Esta Escola de Ora\u00e7\u00e3o contou desde a primeira hora com a colabora\u00e7\u00e3o, a t\u00edtulo pessoal, de v\u00e1rios professores da Faculdade de Teologia da UCP. Nesta 2\u00aa edi\u00e7\u00e3o \u00e9 dado um passo em frente no aprofundamento desta parceria com a colabora\u00e7\u00e3o institucional da Faculdade de Teologia de Lisboa. Esta parceria garante ainda uma melhor qualidade na sua programa\u00e7\u00e3o, divulga\u00e7\u00e3o e execu\u00e7\u00e3o. Esta 2\u00aa edi\u00e7\u00e3o da Escola de Ora\u00e7\u00e3o ser\u00e1 semelhante \u00e0 primeira, ainda que j\u00e1 mais aperfei\u00e7oada pois integra a experi\u00eancia e sugest\u00f5es de todos os envolvidos no curso anterior. <\/p>\n\n\n\n<p><a href=\"https:\/\/www.escoladeoracao.pt\/\">https:\/\/www.escoladeoracao.pt\/<\/a><\/p>\n","protected":false},"excerpt":{"rendered":"<p>Segunda edi\u00e7\u00e3o com in\u00edcio a 15 de novembro de 2019 A Ordem dos Carmelitas Descal\u00e7os, depois da excelente experi\u00eancia com a primeira edi\u00e7\u00e3o da Escola de Ora\u00e7\u00e3o que decorreu na [&hellip;]<\/p>\n","protected":false},"author":1,"featured_media":2188,"comment_status":"closed","ping_status":"open","sticky":false,"template":"","format":"standard","meta":{"_et_pb_use_builder":"off","_et_pb_old_content":"","_et_gb_content_width":"","footnotes":""},"categories":[1,14],"tags":[],"class_list":["post-2192","post","type-post","status-publish","format-standard","has-post-thumbnail","hentry","category-cursos","category-oracao","et-has-post-format-content","et_post_format-et-post-format-standard"],"_links":{"self":[{"href":"https:\/\/espiritualidade.carmelitas.pt\/boletim\/wp-json\/wp\/v2\/posts\/2192","targetHints":{"allow":["GET"]}}],"collection":[{"href":"https:\/\/espiritualidade.carmelitas.pt\/boletim\/wp-json\/wp\/v2\/posts"}],"about":[{"href":"https:\/\/espiritualidade.carmelitas.pt\/boletim\/wp-json\/wp\/v2\/types\/post"}],"author":[{"embeddable":true,"href":"https:\/\/espiritualidade.carmelitas.pt\/boletim\/wp-json\/wp\/v2\/users\/1"}],"replies":[{"embeddable":true,"href":"https:\/\/espiritualidade.carmelitas.pt\/boletim\/wp-json\/wp\/v2\/comments?post=2192"}],"version-history":[{"count":1,"href":"https:\/\/espiritualidade.carmelitas.pt\/boletim\/wp-json\/wp\/v2\/posts\/2192\/revisions"}],"predecessor-version":[{"id":2193,"href":"https:\/\/espiritualidade.carmelitas.pt\/boletim\/wp-json\/wp\/v2\/posts\/2192\/revisions\/2193"}],"wp:featuredmedia":[{"embeddable":true,"href":"https:\/\/espiritualidade.carmelitas.pt\/boletim\/wp-json\/wp\/v2\/media\/2188"}],"wp:attachment":[{"href":"https:\/\/espiritualidade.carmelitas.pt\/boletim\/wp-json\/wp\/v2\/media?parent=2192"}],"wp:term":[{"taxonomy":"category","embeddable":true,"href":"https:\/\/espiritualidade.carmelitas.pt\/boletim\/wp-json\/wp\/v2\/categories?post=2192"},{"taxonomy":"post_tag","embeddable":true,"href":"https:\/\/espiritualidade.carmelitas.pt\/boletim\/wp-json\/wp\/v2\/tags?post=2192"}],"curies":[{"name":"wp","href":"https:\/\/api.w.org\/{rel}","templated":true}]}}