{"id":2097,"date":"2019-04-30T03:05:51","date_gmt":"2019-04-30T03:05:51","guid":{"rendered":"https:\/\/espiritualidade.carmelitas.pt\/boletim\/?p=2097"},"modified":"2019-04-26T13:24:25","modified_gmt":"2019-04-26T13:24:25","slug":"livro-criacao-divina-sem-pecado-humano","status":"publish","type":"post","link":"https:\/\/espiritualidade.carmelitas.pt\/boletim\/livro-criacao-divina-sem-pecado-humano\/","title":{"rendered":"Livro: Cria\u00e7\u00e3o Divina sem pecado humano"},"content":{"rendered":"\n<p> O livro Cria\u00e7\u00e3o Divina sem pecado humano, de Armindo Vaz, oferece uma interpreta\u00e7\u00e3o inovadora da c\u00e9lebre narrativa b\u00edblica de cria\u00e7\u00e3o em G\u00e9nesis 2\u20133. Denuncia os pressupostos da sua interpreta\u00e7\u00e3o tradicional, que faziam dela \u00abHist\u00f3ria de Ad\u00e3o e Eva\u00bb, \u00abHist\u00f3ria do para\u00edso\u00bb, \u00abHist\u00f3ria do pecado original\u00bb. A sua an\u00e1lise contextualizada mostra que ela n\u00e3o fala de um pecado humano nem de um suposto \u2018pecado original\u2019. Diz a verdade da condi\u00e7\u00e3o humana, bonita mas finita, ao apontar-lhe o seu sentido \u00faltimo em Deus, visto como Criador. Armindo Vaz \u00e9 sacerdote Carmelita Descal\u00e7o, professor catedr\u00e1tico convidado da UCP e colaborador do Boletim de Espiritualidade.<br> Publica\u00e7\u00e3o: Paulinas editora:  <br><a href=\"https:\/\/www.paulinas.pt\/Product_Detail.aspx?code=2328\">https:\/\/www.paulinas.pt\/Product_Detail.aspx?code=2328<\/a> <\/p>\n\n\n\n<p><\/p>\n","protected":false},"excerpt":{"rendered":"<p>O livro Cria\u00e7\u00e3o Divina sem pecado humano, de Armindo Vaz, oferece uma interpreta\u00e7\u00e3o inovadora da c\u00e9lebre narrativa b\u00edblica de cria\u00e7\u00e3o em G\u00e9nesis 2\u20133. Denuncia os pressupostos da sua interpreta\u00e7\u00e3o tradicional, [&hellip;]<\/p>\n","protected":false},"author":1,"featured_media":2099,"comment_status":"closed","ping_status":"open","sticky":false,"template":"","format":"standard","meta":{"_et_pb_use_builder":"off","_et_pb_old_content":"","_et_gb_content_width":"","footnotes":""},"categories":[8],"tags":[],"class_list":["post-2097","post","type-post","status-publish","format-standard","has-post-thumbnail","hentry","category-livros","et-has-post-format-content","et_post_format-et-post-format-standard"],"_links":{"self":[{"href":"https:\/\/espiritualidade.carmelitas.pt\/boletim\/wp-json\/wp\/v2\/posts\/2097","targetHints":{"allow":["GET"]}}],"collection":[{"href":"https:\/\/espiritualidade.carmelitas.pt\/boletim\/wp-json\/wp\/v2\/posts"}],"about":[{"href":"https:\/\/espiritualidade.carmelitas.pt\/boletim\/wp-json\/wp\/v2\/types\/post"}],"author":[{"embeddable":true,"href":"https:\/\/espiritualidade.carmelitas.pt\/boletim\/wp-json\/wp\/v2\/users\/1"}],"replies":[{"embeddable":true,"href":"https:\/\/espiritualidade.carmelitas.pt\/boletim\/wp-json\/wp\/v2\/comments?post=2097"}],"version-history":[{"count":1,"href":"https:\/\/espiritualidade.carmelitas.pt\/boletim\/wp-json\/wp\/v2\/posts\/2097\/revisions"}],"predecessor-version":[{"id":2101,"href":"https:\/\/espiritualidade.carmelitas.pt\/boletim\/wp-json\/wp\/v2\/posts\/2097\/revisions\/2101"}],"wp:featuredmedia":[{"embeddable":true,"href":"https:\/\/espiritualidade.carmelitas.pt\/boletim\/wp-json\/wp\/v2\/media\/2099"}],"wp:attachment":[{"href":"https:\/\/espiritualidade.carmelitas.pt\/boletim\/wp-json\/wp\/v2\/media?parent=2097"}],"wp:term":[{"taxonomy":"category","embeddable":true,"href":"https:\/\/espiritualidade.carmelitas.pt\/boletim\/wp-json\/wp\/v2\/categories?post=2097"},{"taxonomy":"post_tag","embeddable":true,"href":"https:\/\/espiritualidade.carmelitas.pt\/boletim\/wp-json\/wp\/v2\/tags?post=2097"}],"curies":[{"name":"wp","href":"https:\/\/api.w.org\/{rel}","templated":true}]}}