{"id":2074,"date":"2019-03-31T15:03:34","date_gmt":"2019-03-31T15:03:34","guid":{"rendered":"https:\/\/espiritualidade.carmelitas.pt\/boletim\/?p=2074"},"modified":"2019-03-29T16:32:00","modified_gmt":"2019-03-29T16:32:00","slug":"xiv-rumos-encontro-para-jovens","status":"publish","type":"post","link":"https:\/\/espiritualidade.carmelitas.pt\/boletim\/xiv-rumos-encontro-para-jovens\/","title":{"rendered":"XIV Rumos: encontro para jovens"},"content":{"rendered":"\n<p><em>F\u00e1tima, 12 a 14 de abril 2019<\/em><\/p>\n\n\n\n<p>Realiza-se, entre os dias 12 a 14 de abril de 2019, o XIX Encontro\u00a0<em>Rumos,<\/em>\u00a0em F\u00e1tima, que conta com a participa\u00e7\u00e3o de jovens em processo de clarifica\u00e7\u00e3o e op\u00e7\u00e3o vocacional. Orientados por uma equipa formada pelos diferentes ramos do Carmelo: dois casais, uma religiosa, um sacerdote e dois animadores, este jovens poder\u00e3o desfrutar de um acompanhamento personalizado, de forma a serem ajudados a ler os sinais que em cada um vai surgindo para uma das grandes voca\u00e7\u00f5es: matrim\u00f3nio, sacerd\u00f3cio ou vida consagrada. Os jovens com idades compreendidas entre os 20 e os 30 anos, com alguma exce\u00e7\u00e3o, v\u00e3o fazendo o seu caminho de descoberta vocacional a fim de darem passos seguros em ordem a uma op\u00e7\u00e3o de vida.\u00a0<a href=\"https:\/\/www.youtube.com\/watch?v=pUPIF30EKCY&amp;feature=youtu.be\">+<\/a><\/p>\n\n\n\n<p><\/p>\n\n\n\n<figure class=\"wp-block-embed-youtube wp-block-embed is-type-video is-provider-youtube wp-embed-aspect-16-9 wp-has-aspect-ratio\"><div class=\"wp-block-embed__wrapper\">\n<iframe width=\"1080\" height=\"608\" src=\"https:\/\/www.youtube.com\/embed\/pUPIF30EKCY?feature=oembed\" frameborder=\"0\" allow=\"accelerometer; autoplay; encrypted-media; gyroscope; picture-in-picture\" allowfullscreen><\/iframe>\n<\/div><\/figure>\n","protected":false},"excerpt":{"rendered":"<p>F\u00e1tima, 12 a 14 de abril 2019 Realiza-se, entre os dias 12 a 14 de abril de 2019, o XIX Encontro\u00a0Rumos,\u00a0em F\u00e1tima, que conta com a participa\u00e7\u00e3o de jovens em [&hellip;]<\/p>\n","protected":false},"author":1,"featured_media":2065,"comment_status":"closed","ping_status":"open","sticky":false,"template":"","format":"standard","meta":{"_et_pb_use_builder":"off","_et_pb_old_content":"","_et_gb_content_width":"","footnotes":""},"categories":[17,15],"tags":[],"class_list":["post-2074","post","type-post","status-publish","format-standard","has-post-thumbnail","hentry","category-jovens","category-vocacao","et-has-post-format-content","et_post_format-et-post-format-standard"],"_links":{"self":[{"href":"https:\/\/espiritualidade.carmelitas.pt\/boletim\/wp-json\/wp\/v2\/posts\/2074","targetHints":{"allow":["GET"]}}],"collection":[{"href":"https:\/\/espiritualidade.carmelitas.pt\/boletim\/wp-json\/wp\/v2\/posts"}],"about":[{"href":"https:\/\/espiritualidade.carmelitas.pt\/boletim\/wp-json\/wp\/v2\/types\/post"}],"author":[{"embeddable":true,"href":"https:\/\/espiritualidade.carmelitas.pt\/boletim\/wp-json\/wp\/v2\/users\/1"}],"replies":[{"embeddable":true,"href":"https:\/\/espiritualidade.carmelitas.pt\/boletim\/wp-json\/wp\/v2\/comments?post=2074"}],"version-history":[{"count":1,"href":"https:\/\/espiritualidade.carmelitas.pt\/boletim\/wp-json\/wp\/v2\/posts\/2074\/revisions"}],"predecessor-version":[{"id":2075,"href":"https:\/\/espiritualidade.carmelitas.pt\/boletim\/wp-json\/wp\/v2\/posts\/2074\/revisions\/2075"}],"wp:featuredmedia":[{"embeddable":true,"href":"https:\/\/espiritualidade.carmelitas.pt\/boletim\/wp-json\/wp\/v2\/media\/2065"}],"wp:attachment":[{"href":"https:\/\/espiritualidade.carmelitas.pt\/boletim\/wp-json\/wp\/v2\/media?parent=2074"}],"wp:term":[{"taxonomy":"category","embeddable":true,"href":"https:\/\/espiritualidade.carmelitas.pt\/boletim\/wp-json\/wp\/v2\/categories?post=2074"},{"taxonomy":"post_tag","embeddable":true,"href":"https:\/\/espiritualidade.carmelitas.pt\/boletim\/wp-json\/wp\/v2\/tags?post=2074"}],"curies":[{"name":"wp","href":"https:\/\/api.w.org\/{rel}","templated":true}]}}