{"id":2072,"date":"2019-03-31T15:02:16","date_gmt":"2019-03-31T15:02:16","guid":{"rendered":"https:\/\/espiritualidade.carmelitas.pt\/boletim\/?p=2072"},"modified":"2019-03-29T16:30:28","modified_gmt":"2019-03-29T16:30:28","slug":"as-narrativas-pascais","status":"publish","type":"post","link":"https:\/\/espiritualidade.carmelitas.pt\/boletim\/as-narrativas-pascais\/","title":{"rendered":"As Narrativas Pascais"},"content":{"rendered":"\n<p><em>Jornada de estudos b\u00edblicos<\/em><\/p>\n\n\n\n<p>A Faculdade de Teologia da UCP (Lisboa), promove a Jornada de Estudos B\u00edblicos sobre o tema: \u00abAs Narrativas Pascais\u00bb.<\/p>\n\n\n\n<p>A Jornada vai realizar-se no dia 5 de abril, entre as 9H30 e as 17H30, no audit\u00f3rio D. Ant\u00f3nio Ribeiro, e conta com a presen\u00e7a de Jos\u00e9 Borges de Pinho, Jo\u00e3o Louren\u00e7o, D. Jos\u00e9 Ornelas Carvalho, Lu\u00eds Manuel Pereira da Silva, Krzysztof Dworak, Domingos Terra, Lu\u00edsa Almendra, Isidro Lamelas e Jos\u00e9 Nunes.&nbsp;<a href=\"https:\/\/ft.lisboa.ucp.pt\/events\/curso-e-jornada-de-estudos-biblicos-narrativas-pascais-13286\">+<\/a><\/p>\n","protected":false},"excerpt":{"rendered":"<p>Jornada de estudos b\u00edblicos A Faculdade de Teologia da UCP (Lisboa), promove a Jornada de Estudos B\u00edblicos sobre o tema: \u00abAs Narrativas Pascais\u00bb. A Jornada vai realizar-se no dia 5 [&hellip;]<\/p>\n","protected":false},"author":1,"featured_media":2068,"comment_status":"closed","ping_status":"open","sticky":false,"template":"","format":"standard","meta":{"_et_pb_use_builder":"off","_et_pb_old_content":"","_et_gb_content_width":"","footnotes":""},"categories":[35],"tags":[],"class_list":["post-2072","post","type-post","status-publish","format-standard","has-post-thumbnail","hentry","category-jornada","et-has-post-format-content","et_post_format-et-post-format-standard"],"_links":{"self":[{"href":"https:\/\/espiritualidade.carmelitas.pt\/boletim\/wp-json\/wp\/v2\/posts\/2072","targetHints":{"allow":["GET"]}}],"collection":[{"href":"https:\/\/espiritualidade.carmelitas.pt\/boletim\/wp-json\/wp\/v2\/posts"}],"about":[{"href":"https:\/\/espiritualidade.carmelitas.pt\/boletim\/wp-json\/wp\/v2\/types\/post"}],"author":[{"embeddable":true,"href":"https:\/\/espiritualidade.carmelitas.pt\/boletim\/wp-json\/wp\/v2\/users\/1"}],"replies":[{"embeddable":true,"href":"https:\/\/espiritualidade.carmelitas.pt\/boletim\/wp-json\/wp\/v2\/comments?post=2072"}],"version-history":[{"count":1,"href":"https:\/\/espiritualidade.carmelitas.pt\/boletim\/wp-json\/wp\/v2\/posts\/2072\/revisions"}],"predecessor-version":[{"id":2073,"href":"https:\/\/espiritualidade.carmelitas.pt\/boletim\/wp-json\/wp\/v2\/posts\/2072\/revisions\/2073"}],"wp:featuredmedia":[{"embeddable":true,"href":"https:\/\/espiritualidade.carmelitas.pt\/boletim\/wp-json\/wp\/v2\/media\/2068"}],"wp:attachment":[{"href":"https:\/\/espiritualidade.carmelitas.pt\/boletim\/wp-json\/wp\/v2\/media?parent=2072"}],"wp:term":[{"taxonomy":"category","embeddable":true,"href":"https:\/\/espiritualidade.carmelitas.pt\/boletim\/wp-json\/wp\/v2\/categories?post=2072"},{"taxonomy":"post_tag","embeddable":true,"href":"https:\/\/espiritualidade.carmelitas.pt\/boletim\/wp-json\/wp\/v2\/tags?post=2072"}],"curies":[{"name":"wp","href":"https:\/\/api.w.org\/{rel}","templated":true}]}}