{"id":195,"date":"2017-05-30T10:28:44","date_gmt":"2017-05-30T10:28:44","guid":{"rendered":"http:\/\/espiritualidade.carmelitas.pt\/boletim\/?p=195"},"modified":"2017-05-31T05:18:16","modified_gmt":"2017-05-31T05:18:16","slug":"v-centenario-do-nascimento-de-santa-teresa-de-jesus","status":"publish","type":"post","link":"https:\/\/espiritualidade.carmelitas.pt\/boletim\/v-centenario-do-nascimento-de-santa-teresa-de-jesus\/","title":{"rendered":"V Centen\u00e1rio do Nascimento de Santa Teresa de Jesus"},"content":{"rendered":"<p><img fetchpriority=\"high\" fetchpriority=\"high\" decoding=\"async\" class=\"alignnone size-full wp-image-196\" src=\"http:\/\/espiritualidade.carmelitas.pt\/boletim\/wp-content\/uploads\/2017\/05\/stj1515.jpg\" alt=\"\" width=\"289\" height=\"262\" \/><\/p>\n<p>15 de Outubro de 2014 a 15 de Outubro de 2015<\/p>\n<p>No centro do m\u00eas de Outubro iniciamos as celebra\u00e7\u00f5es dos 500 anos do Nascimento de Santa Teresa de Jesus. Ser\u00e1 um ano de festa e ac\u00e7\u00e3o de gra\u00e7as pelo dom desta mulher \u00e0 Igreja e \u00e0 Humanidade, porque \u00e9 uma figura marcante pela sua santidade, pela intelig\u00eancia, pela capacidade reformadora e renovadora da vida da Igreja, pelo seu humanismo, pelos seus dotes liter\u00e1rios, pela fina psicologia que desbrava o conhecimento do ser humano\u2026 Um pouco por todo o mundo assinalam-se estes 500 anos de vida, sim, de vida porque Teresa continua viva nos nossos dias atrav\u00e9s dos seus escritos e da fam\u00edlia religiosa que fundou na Igreja. O epicentro das celebra\u00e7\u00f5es acontece em Espanha, mais concretamente na sua cidade ber\u00e7o, \u00c1vila. Em Portugal tamb\u00e9m se assinalar\u00e1 este centen\u00e1rio com um vasto conjunto de actividades de cariz espiritual e cultural. Tr\u00eas Congressos, um sobre M\u00edstica j\u00e1 neste m\u00eas de Outubro, e os dois seguintes sobre a pr\u00f3pria Teresa de Jesus e sobre a Hist\u00f3ria dos Carmelitas Descal\u00e7os, seus disc\u00edpulos, em Portugal, em Outubro de 2015; um Semin\u00e1rio sobre Teresa de Jesus na UCP do Porto; um Curso online na UCP de Lisboa; um Ciclo de Confer\u00eancias no Centro de Cultura Cat\u00f3lica do Porto; um Encontro de Espiritualidade em cada Diocese do nosso Pa\u00eds durante um fim de semana, organizado pelos Institutos Religiosos de inspira\u00e7\u00e3o carmelita e teresiana; v\u00e1rias exposi\u00e7\u00f5es itinerantes sobre as obras teresianas e outra sobre a sua recep\u00e7\u00e3o em Portugal; uma peregrina\u00e7\u00e3o a F\u00e1tima com um musical no programa; al\u00e9m de outras iniciativas promovidas pelas comunidades de padres e irm\u00e3s das Ordens, Congrega\u00e7\u00f5es e Institui\u00e7\u00f5es de inspira\u00e7\u00e3o teresiana. Consulte o programa mais detalhado em http:\/\/teresadejesus.carmelitas.pt<\/p>\n","protected":false},"excerpt":{"rendered":"<p>15 de Outubro de 2014 a 15 de Outubro de 2015 No centro do m\u00eas de Outubro iniciamos as celebra\u00e7\u00f5es dos 500 anos do Nascimento de Santa Teresa de Jesus. [&hellip;]<\/p>\n","protected":false},"author":1,"featured_media":196,"comment_status":"closed","ping_status":"open","sticky":false,"template":"","format":"standard","meta":{"_et_pb_use_builder":"","_et_pb_old_content":"","_et_gb_content_width":"","footnotes":""},"categories":[13],"tags":[],"class_list":["post-195","post","type-post","status-publish","format-standard","has-post-thumbnail","hentry","category-divulgacao","et-has-post-format-content","et_post_format-et-post-format-standard"],"_links":{"self":[{"href":"https:\/\/espiritualidade.carmelitas.pt\/boletim\/wp-json\/wp\/v2\/posts\/195","targetHints":{"allow":["GET"]}}],"collection":[{"href":"https:\/\/espiritualidade.carmelitas.pt\/boletim\/wp-json\/wp\/v2\/posts"}],"about":[{"href":"https:\/\/espiritualidade.carmelitas.pt\/boletim\/wp-json\/wp\/v2\/types\/post"}],"author":[{"embeddable":true,"href":"https:\/\/espiritualidade.carmelitas.pt\/boletim\/wp-json\/wp\/v2\/users\/1"}],"replies":[{"embeddable":true,"href":"https:\/\/espiritualidade.carmelitas.pt\/boletim\/wp-json\/wp\/v2\/comments?post=195"}],"version-history":[{"count":1,"href":"https:\/\/espiritualidade.carmelitas.pt\/boletim\/wp-json\/wp\/v2\/posts\/195\/revisions"}],"predecessor-version":[{"id":197,"href":"https:\/\/espiritualidade.carmelitas.pt\/boletim\/wp-json\/wp\/v2\/posts\/195\/revisions\/197"}],"wp:featuredmedia":[{"embeddable":true,"href":"https:\/\/espiritualidade.carmelitas.pt\/boletim\/wp-json\/wp\/v2\/media\/196"}],"wp:attachment":[{"href":"https:\/\/espiritualidade.carmelitas.pt\/boletim\/wp-json\/wp\/v2\/media?parent=195"}],"wp:term":[{"taxonomy":"category","embeddable":true,"href":"https:\/\/espiritualidade.carmelitas.pt\/boletim\/wp-json\/wp\/v2\/categories?post=195"},{"taxonomy":"post_tag","embeddable":true,"href":"https:\/\/espiritualidade.carmelitas.pt\/boletim\/wp-json\/wp\/v2\/tags?post=195"}],"curies":[{"name":"wp","href":"https:\/\/api.w.org\/{rel}","templated":true}]}}