{"id":182,"date":"2017-05-30T10:17:55","date_gmt":"2017-05-30T10:17:55","guid":{"rendered":"http:\/\/espiritualidade.carmelitas.pt\/boletim\/?p=182"},"modified":"2017-05-30T10:19:22","modified_gmt":"2017-05-30T10:19:22","slug":"caminho-de-perfeicao","status":"publish","type":"post","link":"https:\/\/espiritualidade.carmelitas.pt\/boletim\/caminho-de-perfeicao\/","title":{"rendered":"Livro: Caminho de Perfei\u00e7\u00e3o"},"content":{"rendered":"<p><img fetchpriority=\"high\" fetchpriority=\"high\" decoding=\"async\" class=\"alignnone size-medium wp-image-183\" src=\"http:\/\/espiritualidade.carmelitas.pt\/boletim\/wp-content\/uploads\/2017\/05\/caminho_perfeicao_2ed-204x300.jpg\" alt=\"\" width=\"204\" height=\"300\" srcset=\"https:\/\/espiritualidade.carmelitas.pt\/boletim\/wp-content\/uploads\/2017\/05\/caminho_perfeicao_2ed-204x300.jpg 204w, https:\/\/espiritualidade.carmelitas.pt\/boletim\/wp-content\/uploads\/2017\/05\/caminho_perfeicao_2ed.jpg 389w\" sizes=\"(max-width: 204px) 100vw, 204px\" \/><\/p>\n<p>As Edi\u00e7\u00f5es Carmelo acabam de reeditar o Caminho de Perfei\u00e7\u00e3o de Santa Teresa de Jesus. Trata-se de uma nova tradu\u00e7\u00e3o desta obra que \u00e9 uma das mais conhecidas desta doutora da Igreja. Este livro tem um tom coloquial e pedag\u00f3gico pois \u00e9 o resultado das conversas espirituais que Teresa de Jesus tinha com as suas irm\u00e3s. Evidencia o cuidado e entusiasmo com que as animava a descobrirem o verdadeiro caminho que as levasse ao encontro experiencial com Cristo pela ora\u00e7\u00e3o.<\/p>\n","protected":false},"excerpt":{"rendered":"<p>As Edi\u00e7\u00f5es Carmelo acabam de reeditar o Caminho de Perfei\u00e7\u00e3o de Santa Teresa de Jesus. Trata-se de uma nova tradu\u00e7\u00e3o desta obra que \u00e9 uma das mais conhecidas desta doutora [&hellip;]<\/p>\n","protected":false},"author":1,"featured_media":0,"comment_status":"closed","ping_status":"open","sticky":false,"template":"","format":"standard","meta":{"_et_pb_use_builder":"","_et_pb_old_content":"","_et_gb_content_width":"","footnotes":""},"categories":[8],"tags":[],"class_list":["post-182","post","type-post","status-publish","format-standard","hentry","category-livros","et-doesnt-have-format-content","et_post_format-et-post-format-standard"],"_links":{"self":[{"href":"https:\/\/espiritualidade.carmelitas.pt\/boletim\/wp-json\/wp\/v2\/posts\/182","targetHints":{"allow":["GET"]}}],"collection":[{"href":"https:\/\/espiritualidade.carmelitas.pt\/boletim\/wp-json\/wp\/v2\/posts"}],"about":[{"href":"https:\/\/espiritualidade.carmelitas.pt\/boletim\/wp-json\/wp\/v2\/types\/post"}],"author":[{"embeddable":true,"href":"https:\/\/espiritualidade.carmelitas.pt\/boletim\/wp-json\/wp\/v2\/users\/1"}],"replies":[{"embeddable":true,"href":"https:\/\/espiritualidade.carmelitas.pt\/boletim\/wp-json\/wp\/v2\/comments?post=182"}],"version-history":[{"count":2,"href":"https:\/\/espiritualidade.carmelitas.pt\/boletim\/wp-json\/wp\/v2\/posts\/182\/revisions"}],"predecessor-version":[{"id":185,"href":"https:\/\/espiritualidade.carmelitas.pt\/boletim\/wp-json\/wp\/v2\/posts\/182\/revisions\/185"}],"wp:attachment":[{"href":"https:\/\/espiritualidade.carmelitas.pt\/boletim\/wp-json\/wp\/v2\/media?parent=182"}],"wp:term":[{"taxonomy":"category","embeddable":true,"href":"https:\/\/espiritualidade.carmelitas.pt\/boletim\/wp-json\/wp\/v2\/categories?post=182"},{"taxonomy":"post_tag","embeddable":true,"href":"https:\/\/espiritualidade.carmelitas.pt\/boletim\/wp-json\/wp\/v2\/tags?post=182"}],"curies":[{"name":"wp","href":"https:\/\/api.w.org\/{rel}","templated":true}]}}