{"id":179,"date":"2017-05-30T10:16:02","date_gmt":"2017-05-30T10:16:02","guid":{"rendered":"http:\/\/espiritualidade.carmelitas.pt\/boletim\/?p=179"},"modified":"2017-05-30T10:18:57","modified_gmt":"2017-05-30T10:18:57","slug":"etty-hillesum-um-itinerario-espiritual","status":"publish","type":"post","link":"https:\/\/espiritualidade.carmelitas.pt\/boletim\/etty-hillesum-um-itinerario-espiritual\/","title":{"rendered":"Livro: Etty Hillesum \u2013 Um itiner\u00e1rio espiritual"},"content":{"rendered":"<p><img fetchpriority=\"high\" fetchpriority=\"high\" decoding=\"async\" class=\"alignnone size-medium wp-image-180\" src=\"http:\/\/espiritualidade.carmelitas.pt\/boletim\/wp-content\/uploads\/2017\/05\/Etty-capa-212x300.jpeg\" alt=\"\" width=\"212\" height=\"300\" srcset=\"https:\/\/espiritualidade.carmelitas.pt\/boletim\/wp-content\/uploads\/2017\/05\/Etty-capa-212x300.jpeg 212w, https:\/\/espiritualidade.carmelitas.pt\/boletim\/wp-content\/uploads\/2017\/05\/Etty-capa.jpeg 420w\" sizes=\"(max-width: 212px) 100vw, 212px\" \/><\/p>\n<p>Etty Hillesum \u2013 Um itiner\u00e1rio espiritual \u00e9 uma obra que ajuda a entender o caminho interior feito por Etty Hillesum, judia residente em Amesterd\u00e3o. A partir de 1941, Etty Hillesum experimentou uma intensa transforma\u00e7\u00e3o espiritual, que faria dela um caso raro de serenidade e coragem no caos que, em breve, se abateria sobre a comunidade judaica da Holanda, exposta \u00e0 desumanidade da ocupa\u00e7\u00e3o nazi e da sua \u00absolu\u00e7\u00e3o final\u00bb para o \u00abproblema judeu\u00bb. A leitura deste Di\u00e1rio conduz-nos at\u00e9 \u00e0 sede mais profunda que todo o ser humano tem de Deus mesmo que se encontre mergulhado nas d\u00favidas, na escurid\u00e3o e na imoralidade.<\/p>\n","protected":false},"excerpt":{"rendered":"<p>Etty Hillesum \u2013 Um itiner\u00e1rio espiritual \u00e9 uma obra que ajuda a entender o caminho interior feito por Etty Hillesum, judia residente em Amesterd\u00e3o. A partir de 1941, Etty Hillesum [&hellip;]<\/p>\n","protected":false},"author":1,"featured_media":0,"comment_status":"closed","ping_status":"open","sticky":false,"template":"","format":"standard","meta":{"_et_pb_use_builder":"","_et_pb_old_content":"","_et_gb_content_width":"","footnotes":""},"categories":[8],"tags":[],"class_list":["post-179","post","type-post","status-publish","format-standard","hentry","category-livros","et-doesnt-have-format-content","et_post_format-et-post-format-standard"],"_links":{"self":[{"href":"https:\/\/espiritualidade.carmelitas.pt\/boletim\/wp-json\/wp\/v2\/posts\/179","targetHints":{"allow":["GET"]}}],"collection":[{"href":"https:\/\/espiritualidade.carmelitas.pt\/boletim\/wp-json\/wp\/v2\/posts"}],"about":[{"href":"https:\/\/espiritualidade.carmelitas.pt\/boletim\/wp-json\/wp\/v2\/types\/post"}],"author":[{"embeddable":true,"href":"https:\/\/espiritualidade.carmelitas.pt\/boletim\/wp-json\/wp\/v2\/users\/1"}],"replies":[{"embeddable":true,"href":"https:\/\/espiritualidade.carmelitas.pt\/boletim\/wp-json\/wp\/v2\/comments?post=179"}],"version-history":[{"count":2,"href":"https:\/\/espiritualidade.carmelitas.pt\/boletim\/wp-json\/wp\/v2\/posts\/179\/revisions"}],"predecessor-version":[{"id":186,"href":"https:\/\/espiritualidade.carmelitas.pt\/boletim\/wp-json\/wp\/v2\/posts\/179\/revisions\/186"}],"wp:attachment":[{"href":"https:\/\/espiritualidade.carmelitas.pt\/boletim\/wp-json\/wp\/v2\/media?parent=179"}],"wp:term":[{"taxonomy":"category","embeddable":true,"href":"https:\/\/espiritualidade.carmelitas.pt\/boletim\/wp-json\/wp\/v2\/categories?post=179"},{"taxonomy":"post_tag","embeddable":true,"href":"https:\/\/espiritualidade.carmelitas.pt\/boletim\/wp-json\/wp\/v2\/tags?post=179"}],"curies":[{"name":"wp","href":"https:\/\/api.w.org\/{rel}","templated":true}]}}