{"id":1626,"date":"2018-06-28T08:46:02","date_gmt":"2018-06-28T08:46:02","guid":{"rendered":"https:\/\/espiritualidade.carmelitas.pt\/boletim\/?p=1626"},"modified":"2018-06-28T08:46:02","modified_gmt":"2018-06-28T08:46:02","slug":"livro-a-carmelita-uma-enamorada-de-deus-vivo","status":"publish","type":"post","link":"https:\/\/espiritualidade.carmelitas.pt\/boletim\/livro-a-carmelita-uma-enamorada-de-deus-vivo\/","title":{"rendered":"Livro: A Carmelita, uma enamorada de Deus vivo"},"content":{"rendered":"<p>A Carmelita \u00e9 uma enamorada do Deus vivo&#8221;. \u00c9 este o t\u00edtulo do livro rec\u00e9m-publicado pelas Edi\u00e7\u00f5es Carmelo, da autoria do Carmelo de Cristo Redentor (Aveiro). Na verdade, \u00abO Carmelo est\u00e1 vocacionado para ser um sinal vivo do essencial evang\u00e9lico e para ser um apelo e um est\u00edmulo aos valores fundamentais. A contempla\u00e7\u00e3o, atitude central duma carmelita, n\u00e3o \u00e9 um privil\u00e9gio dela. A contempla\u00e7\u00e3o \u00e9 voca\u00e7\u00e3o de todos os filhos de Deus. Sem a dimens\u00e3o contemplativa a Igreja de Cristo perder\u00e1 a sua identidade. O Carmelo de Cristo Redentor, diariamente fiel \u00e0 sua miss\u00e3o eclesial, alimenta e refor\u00e7a esta identidade.\u00bb Estas palavras do Sr. D. Ant\u00f3nio Marcelino, que foi Bispo de Aveiro, mostram bem qual \u00e9 a miss\u00e3o do Carmelo na Igreja de todos os tempos.<\/p>\n<p>Publica\u00e7\u00e3o: Edi\u00e7\u00f5es Carmelo:\u00a0<a href=\"http:\/\/www.carmelo.pt\/index.php?route=product\/product&amp;product_id=274\">http:\/\/www.carmelo.pt\/index.php?route=product\/product&amp;product_id=274<\/a><\/p>\n","protected":false},"excerpt":{"rendered":"<p>A Carmelita \u00e9 uma enamorada do Deus vivo&#8221;. \u00c9 este o t\u00edtulo do livro rec\u00e9m-publicado pelas Edi\u00e7\u00f5es Carmelo, da autoria do Carmelo de Cristo Redentor (Aveiro). Na verdade, \u00abO Carmelo [&hellip;]<\/p>\n","protected":false},"author":1,"featured_media":1627,"comment_status":"closed","ping_status":"open","sticky":false,"template":"","format":"standard","meta":{"_et_pb_use_builder":"","_et_pb_old_content":"","_et_gb_content_width":"","footnotes":""},"categories":[8],"tags":[],"class_list":["post-1626","post","type-post","status-publish","format-standard","has-post-thumbnail","hentry","category-livros","et-has-post-format-content","et_post_format-et-post-format-standard"],"_links":{"self":[{"href":"https:\/\/espiritualidade.carmelitas.pt\/boletim\/wp-json\/wp\/v2\/posts\/1626","targetHints":{"allow":["GET"]}}],"collection":[{"href":"https:\/\/espiritualidade.carmelitas.pt\/boletim\/wp-json\/wp\/v2\/posts"}],"about":[{"href":"https:\/\/espiritualidade.carmelitas.pt\/boletim\/wp-json\/wp\/v2\/types\/post"}],"author":[{"embeddable":true,"href":"https:\/\/espiritualidade.carmelitas.pt\/boletim\/wp-json\/wp\/v2\/users\/1"}],"replies":[{"embeddable":true,"href":"https:\/\/espiritualidade.carmelitas.pt\/boletim\/wp-json\/wp\/v2\/comments?post=1626"}],"version-history":[{"count":1,"href":"https:\/\/espiritualidade.carmelitas.pt\/boletim\/wp-json\/wp\/v2\/posts\/1626\/revisions"}],"predecessor-version":[{"id":1628,"href":"https:\/\/espiritualidade.carmelitas.pt\/boletim\/wp-json\/wp\/v2\/posts\/1626\/revisions\/1628"}],"wp:featuredmedia":[{"embeddable":true,"href":"https:\/\/espiritualidade.carmelitas.pt\/boletim\/wp-json\/wp\/v2\/media\/1627"}],"wp:attachment":[{"href":"https:\/\/espiritualidade.carmelitas.pt\/boletim\/wp-json\/wp\/v2\/media?parent=1626"}],"wp:term":[{"taxonomy":"category","embeddable":true,"href":"https:\/\/espiritualidade.carmelitas.pt\/boletim\/wp-json\/wp\/v2\/categories?post=1626"},{"taxonomy":"post_tag","embeddable":true,"href":"https:\/\/espiritualidade.carmelitas.pt\/boletim\/wp-json\/wp\/v2\/tags?post=1626"}],"curies":[{"name":"wp","href":"https:\/\/api.w.org\/{rel}","templated":true}]}}