{"id":1508,"date":"2018-05-31T03:00:17","date_gmt":"2018-05-31T03:00:17","guid":{"rendered":"https:\/\/espiritualidade.carmelitas.pt\/boletim\/?p=1508"},"modified":"2018-05-30T08:38:36","modified_gmt":"2018-05-30T08:38:36","slug":"livro-o-monte-da-oracao","status":"publish","type":"post","link":"https:\/\/espiritualidade.carmelitas.pt\/boletim\/livro-o-monte-da-oracao\/","title":{"rendered":"Livro: O Monte da Ora\u00e7\u00e3o"},"content":{"rendered":"<p>Autor: Agostinho dos Reis Leal<\/p>\n<p>Na parte exterior do Santu\u00e1rio do Menino Jesus de Praga, no parque de b\u00ean\u00e7\u00e3os dos ve\u00edculos, encontra-se o simb\u00f3lico Cruzeiro do Menino das Moradas e o obelisco com a imagem do Menino Jesus de Praga. Ao lado direito do Santu\u00e1rio encontra-se agora o Museu do Menino, com mais de mil e quinhentos pres\u00e9pios. E, ali mesmo, est\u00e1 a entrada para o Monte da ora\u00e7\u00e3o, onde se podem ver as esculturas de Jos\u00e9 Rodrigues &#8230;, que representam os doze mist\u00e9rios da inf\u00e2ncia de Jesus. As medita\u00e7\u00f5es contidas neste pequeno livro s\u00e3o um subs\u00eddio excelente para a ora\u00e7\u00e3o individual ou em grupo. Com elas, pode passar-se duas horas de grande proveito espiritual no monte da ora\u00e7\u00e3o. Com o Papa Francisco, tamb\u00e9m n\u00f3s afirmamos que \u201ca chave que abre a porta da f\u00e9 \u00e9 a ora\u00e7\u00e3o\u201d. Rezar n\u00e3o \u00e9 uma obriga\u00e7\u00e3o, mas uma necessidade. A ora\u00e7\u00e3o constitui para o ser humano um caminho de vida. Pela ora\u00e7\u00e3o aprendemos a estar pertinho de Deus, e com a ora\u00e7\u00e3o sabemos que estamos pertinho dos irm\u00e3os.<br \/>\n<a href=\"http:\/\/www.carmelo.pt\/index.php?route=product\/product&amp;product_id=272\">Publica\u00e7\u00e3o: Edi\u00e7\u00f5es Carmelo<\/a><\/p>\n","protected":false},"excerpt":{"rendered":"<p>Autor: Agostinho dos Reis Leal Na parte exterior do Santu\u00e1rio do Menino Jesus de Praga, no parque de b\u00ean\u00e7\u00e3os dos ve\u00edculos, encontra-se o simb\u00f3lico Cruzeiro do Menino das Moradas e [&hellip;]<\/p>\n","protected":false},"author":1,"featured_media":1509,"comment_status":"closed","ping_status":"open","sticky":false,"template":"","format":"standard","meta":{"_et_pb_use_builder":"","_et_pb_old_content":"","_et_gb_content_width":"","footnotes":""},"categories":[8],"tags":[],"class_list":["post-1508","post","type-post","status-publish","format-standard","has-post-thumbnail","hentry","category-livros","et-has-post-format-content","et_post_format-et-post-format-standard"],"_links":{"self":[{"href":"https:\/\/espiritualidade.carmelitas.pt\/boletim\/wp-json\/wp\/v2\/posts\/1508","targetHints":{"allow":["GET"]}}],"collection":[{"href":"https:\/\/espiritualidade.carmelitas.pt\/boletim\/wp-json\/wp\/v2\/posts"}],"about":[{"href":"https:\/\/espiritualidade.carmelitas.pt\/boletim\/wp-json\/wp\/v2\/types\/post"}],"author":[{"embeddable":true,"href":"https:\/\/espiritualidade.carmelitas.pt\/boletim\/wp-json\/wp\/v2\/users\/1"}],"replies":[{"embeddable":true,"href":"https:\/\/espiritualidade.carmelitas.pt\/boletim\/wp-json\/wp\/v2\/comments?post=1508"}],"version-history":[{"count":1,"href":"https:\/\/espiritualidade.carmelitas.pt\/boletim\/wp-json\/wp\/v2\/posts\/1508\/revisions"}],"predecessor-version":[{"id":1510,"href":"https:\/\/espiritualidade.carmelitas.pt\/boletim\/wp-json\/wp\/v2\/posts\/1508\/revisions\/1510"}],"wp:featuredmedia":[{"embeddable":true,"href":"https:\/\/espiritualidade.carmelitas.pt\/boletim\/wp-json\/wp\/v2\/media\/1509"}],"wp:attachment":[{"href":"https:\/\/espiritualidade.carmelitas.pt\/boletim\/wp-json\/wp\/v2\/media?parent=1508"}],"wp:term":[{"taxonomy":"category","embeddable":true,"href":"https:\/\/espiritualidade.carmelitas.pt\/boletim\/wp-json\/wp\/v2\/categories?post=1508"},{"taxonomy":"post_tag","embeddable":true,"href":"https:\/\/espiritualidade.carmelitas.pt\/boletim\/wp-json\/wp\/v2\/tags?post=1508"}],"curies":[{"name":"wp","href":"https:\/\/api.w.org\/{rel}","templated":true}]}}