{"id":1506,"date":"2018-05-31T03:00:46","date_gmt":"2018-05-31T03:00:46","guid":{"rendered":"https:\/\/espiritualidade.carmelitas.pt\/boletim\/?p=1506"},"modified":"2018-05-30T08:36:47","modified_gmt":"2018-05-30T08:36:47","slug":"uma-escola-de-oracao-para-iniciar-na-experiencia-de-deus","status":"publish","type":"post","link":"https:\/\/espiritualidade.carmelitas.pt\/boletim\/uma-escola-de-oracao-para-iniciar-na-experiencia-de-deus\/","title":{"rendered":"Uma escola de ora\u00e7\u00e3o para iniciar na experi\u00eancia de Deus"},"content":{"rendered":"<p>Os disc\u00edpulos viram Jesus em ora\u00e7\u00e3o e pediram-Lhe: \u00abSenhor, ensina-nos a orar\u00bb. E Jesus ensinou dizendo: \u00abPai\u2026\u00bb. Orar ensina-se e aprende-se. O caminho da ora\u00e7\u00e3o faz-se por etapas, com discernimento e companhia de mestres experimentados nas coisas de Deus.<br \/>\nPara responder a esta necessidade, os Carmelitas Descal\u00e7os v\u00e3o lan\u00e7ar em F\u00e1tima, na Domus Carmeli, uma <a href=\"http:\/\/www.carmelitas.pt\/site\/noticias\/noticias_ver.php?cod_noticia=503\">Escola de Ora\u00e7\u00e3o<\/a>. Aberta a todos, esta Escola de Ora\u00e7\u00e3o, com uma componente te\u00f3rico-pr\u00e1tica, percorrer\u00e1 os princ\u00edpios fundamentais da ora\u00e7\u00e3o crist\u00e3, educar\u00e1 para a ora\u00e7\u00e3o eclesial, para a experi\u00eancia de Deus, para a contempla\u00e7\u00e3o\u2026 A Faculdade de Teologia da UCP, Lisboa, colabora com esta iniciativa e credita os participantes que assim o desejarem e que preencham os requisitos necess\u00e1rios. A frequ\u00eancia desta escola de ora\u00e7\u00e3o ajudar\u00e1 a intensificar a vida de ora\u00e7\u00e3o e preparar\u00e1 os seus participantes para serem dinamizadores da pastoral da ora\u00e7\u00e3o nas suas comunidades. Brevemente daremos mais informa\u00e7\u00f5es. Entretanto registe as datas dos cinco fins de semana do ano pastoral 2018-2019 ao longo do qual decorrer\u00e1 esta iniciativa da Ordem dos Carmelitas Descal\u00e7os em Portugal:<br \/>\n09 a 11 de Novembro de 2018 | 25 a 27 de Janeiro de 2019 | 22 a 24 de Fevereiro de 2019 |05 a 07 de Abril de 2019 |17 a 19 de Maio de 2019. \uf320<\/p>\n","protected":false},"excerpt":{"rendered":"<p>Os disc\u00edpulos viram Jesus em ora\u00e7\u00e3o e pediram-Lhe: \u00abSenhor, ensina-nos a orar\u00bb. E Jesus ensinou dizendo: \u00abPai\u2026\u00bb. Orar ensina-se e aprende-se. O caminho da ora\u00e7\u00e3o faz-se por etapas, com discernimento [&hellip;]<\/p>\n","protected":false},"author":1,"featured_media":1502,"comment_status":"closed","ping_status":"open","sticky":false,"template":"","format":"standard","meta":{"_et_pb_use_builder":"","_et_pb_old_content":"","_et_gb_content_width":"","footnotes":""},"categories":[1],"tags":[],"class_list":["post-1506","post","type-post","status-publish","format-standard","has-post-thumbnail","hentry","category-cursos","et-has-post-format-content","et_post_format-et-post-format-standard"],"_links":{"self":[{"href":"https:\/\/espiritualidade.carmelitas.pt\/boletim\/wp-json\/wp\/v2\/posts\/1506","targetHints":{"allow":["GET"]}}],"collection":[{"href":"https:\/\/espiritualidade.carmelitas.pt\/boletim\/wp-json\/wp\/v2\/posts"}],"about":[{"href":"https:\/\/espiritualidade.carmelitas.pt\/boletim\/wp-json\/wp\/v2\/types\/post"}],"author":[{"embeddable":true,"href":"https:\/\/espiritualidade.carmelitas.pt\/boletim\/wp-json\/wp\/v2\/users\/1"}],"replies":[{"embeddable":true,"href":"https:\/\/espiritualidade.carmelitas.pt\/boletim\/wp-json\/wp\/v2\/comments?post=1506"}],"version-history":[{"count":1,"href":"https:\/\/espiritualidade.carmelitas.pt\/boletim\/wp-json\/wp\/v2\/posts\/1506\/revisions"}],"predecessor-version":[{"id":1507,"href":"https:\/\/espiritualidade.carmelitas.pt\/boletim\/wp-json\/wp\/v2\/posts\/1506\/revisions\/1507"}],"wp:featuredmedia":[{"embeddable":true,"href":"https:\/\/espiritualidade.carmelitas.pt\/boletim\/wp-json\/wp\/v2\/media\/1502"}],"wp:attachment":[{"href":"https:\/\/espiritualidade.carmelitas.pt\/boletim\/wp-json\/wp\/v2\/media?parent=1506"}],"wp:term":[{"taxonomy":"category","embeddable":true,"href":"https:\/\/espiritualidade.carmelitas.pt\/boletim\/wp-json\/wp\/v2\/categories?post=1506"},{"taxonomy":"post_tag","embeddable":true,"href":"https:\/\/espiritualidade.carmelitas.pt\/boletim\/wp-json\/wp\/v2\/tags?post=1506"}],"curies":[{"name":"wp","href":"https:\/\/api.w.org\/{rel}","templated":true}]}}