{"id":1504,"date":"2018-05-31T03:00:11","date_gmt":"2018-05-31T03:00:11","guid":{"rendered":"https:\/\/espiritualidade.carmelitas.pt\/boletim\/?p=1504"},"modified":"2018-05-30T08:35:31","modified_gmt":"2018-05-30T08:35:31","slug":"vaticano-publicou-instrucao-cor-orans","status":"publish","type":"post","link":"https:\/\/espiritualidade.carmelitas.pt\/boletim\/vaticano-publicou-instrucao-cor-orans\/","title":{"rendered":"Vaticano publicou instru\u00e7\u00e3o \u2018Cor Orans\u2019"},"content":{"rendered":"<p><em>Novas regras para as religiosas de clausura<\/em><br \/>\nFoi apresentado no dia 15 de maio o <a href=\"https:\/\/press.vatican.va\/content\/salastampa\/it\/bollettino\/pubblico\/2018\/05\/15\/0350\/00749.html\">documento \u201cCor Orans\u201d (Cora\u00e7\u00e3o Orante)<\/a>, Instru\u00e7\u00e3o aplicativa da Constitui\u00e7\u00e3o Apost\u00f3lica \u201cVultum Dei quaerere\u201d sobre a vida contemplativa feminina, da Congrega\u00e7\u00e3o para os Institutos de Vida Consagrada e as Sociedades de Vida apost\u00f3lica\u201d. As novas regras sublinham a \u201creal autonomia de vida\u201d das religiosas de clausura, que devem ter capacidade de gerir os mosteiros em todas as suas dimens\u00f5es. O Vaticano exige como n\u00famero m\u00ednimo para o reconhecimento can\u00f3nico de um novo mosteiro a exist\u00eancia de oito monjas de \u201cvotos solenes\u201d. A Santa S\u00e9 sublinha a import\u00e2ncia de unir os v\u00e1rios mosteiros aut\u00f3nomos numa Federa\u00e7\u00e3o.<\/p>\n","protected":false},"excerpt":{"rendered":"<p>Novas regras para as religiosas de clausura Foi apresentado no dia 15 de maio o documento \u201cCor Orans\u201d (Cora\u00e7\u00e3o Orante), Instru\u00e7\u00e3o aplicativa da Constitui\u00e7\u00e3o Apost\u00f3lica \u201cVultum Dei quaerere\u201d sobre a [&hellip;]<\/p>\n","protected":false},"author":1,"featured_media":1501,"comment_status":"closed","ping_status":"open","sticky":false,"template":"","format":"standard","meta":{"_et_pb_use_builder":"","_et_pb_old_content":"","_et_gb_content_width":"","footnotes":""},"categories":[15],"tags":[],"class_list":["post-1504","post","type-post","status-publish","format-standard","has-post-thumbnail","hentry","category-vocacao","et-has-post-format-content","et_post_format-et-post-format-standard"],"_links":{"self":[{"href":"https:\/\/espiritualidade.carmelitas.pt\/boletim\/wp-json\/wp\/v2\/posts\/1504","targetHints":{"allow":["GET"]}}],"collection":[{"href":"https:\/\/espiritualidade.carmelitas.pt\/boletim\/wp-json\/wp\/v2\/posts"}],"about":[{"href":"https:\/\/espiritualidade.carmelitas.pt\/boletim\/wp-json\/wp\/v2\/types\/post"}],"author":[{"embeddable":true,"href":"https:\/\/espiritualidade.carmelitas.pt\/boletim\/wp-json\/wp\/v2\/users\/1"}],"replies":[{"embeddable":true,"href":"https:\/\/espiritualidade.carmelitas.pt\/boletim\/wp-json\/wp\/v2\/comments?post=1504"}],"version-history":[{"count":1,"href":"https:\/\/espiritualidade.carmelitas.pt\/boletim\/wp-json\/wp\/v2\/posts\/1504\/revisions"}],"predecessor-version":[{"id":1505,"href":"https:\/\/espiritualidade.carmelitas.pt\/boletim\/wp-json\/wp\/v2\/posts\/1504\/revisions\/1505"}],"wp:featuredmedia":[{"embeddable":true,"href":"https:\/\/espiritualidade.carmelitas.pt\/boletim\/wp-json\/wp\/v2\/media\/1501"}],"wp:attachment":[{"href":"https:\/\/espiritualidade.carmelitas.pt\/boletim\/wp-json\/wp\/v2\/media?parent=1504"}],"wp:term":[{"taxonomy":"category","embeddable":true,"href":"https:\/\/espiritualidade.carmelitas.pt\/boletim\/wp-json\/wp\/v2\/categories?post=1504"},{"taxonomy":"post_tag","embeddable":true,"href":"https:\/\/espiritualidade.carmelitas.pt\/boletim\/wp-json\/wp\/v2\/tags?post=1504"}],"curies":[{"name":"wp","href":"https:\/\/api.w.org\/{rel}","templated":true}]}}