{"id":1498,"date":"2018-05-31T03:00:12","date_gmt":"2018-05-31T03:00:12","guid":{"rendered":"https:\/\/espiritualidade.carmelitas.pt\/boletim\/?p=1498"},"modified":"2018-05-30T08:31:59","modified_gmt":"2018-05-30T08:31:59","slug":"jovens-desafiados-a-fazer-uma-experiencia-de-voluntariado-em-fatima","status":"publish","type":"post","link":"https:\/\/espiritualidade.carmelitas.pt\/boletim\/jovens-desafiados-a-fazer-uma-experiencia-de-voluntariado-em-fatima\/","title":{"rendered":"Jovens desafiados a fazer uma experi\u00eancia de voluntariado em F\u00e1tima"},"content":{"rendered":"<p>O Santu\u00e1rio de F\u00e1tima prop\u00f5e aos jovens, com idades entre os 16 e os 35 anos, a possibilidade de fazerem uma experi\u00eancia de voluntariado na Cova da Iria. <a href=\"http:\/\/www.fatima.pt\/pt\/news\/jovens-desafiados-a-fazer-uma-experiencia-de-voluntariado-em-fatima\">O projecto SETE<\/a>, que decorre entre os dias 9 de julho e 2 de setembro, visa permitir aos participantes penetrar na viv\u00eancia do lugar e da sua mensagem, atrav\u00e9s de din\u00e2micas de acolhimento de peregrinos, do aprofundamento espiritual e da imers\u00e3o no acontecimento de F\u00e1tima.<\/p>\n","protected":false},"excerpt":{"rendered":"<p>O Santu\u00e1rio de F\u00e1tima prop\u00f5e aos jovens, com idades entre os 16 e os 35 anos, a possibilidade de fazerem uma experi\u00eancia de voluntariado na Cova da Iria. O projecto [&hellip;]<\/p>\n","protected":false},"author":1,"featured_media":1499,"comment_status":"closed","ping_status":"open","sticky":false,"template":"","format":"standard","meta":{"_et_pb_use_builder":"","_et_pb_old_content":"","_et_gb_content_width":"","footnotes":""},"categories":[8],"tags":[],"class_list":["post-1498","post","type-post","status-publish","format-standard","has-post-thumbnail","hentry","category-livros","et-has-post-format-content","et_post_format-et-post-format-standard"],"_links":{"self":[{"href":"https:\/\/espiritualidade.carmelitas.pt\/boletim\/wp-json\/wp\/v2\/posts\/1498","targetHints":{"allow":["GET"]}}],"collection":[{"href":"https:\/\/espiritualidade.carmelitas.pt\/boletim\/wp-json\/wp\/v2\/posts"}],"about":[{"href":"https:\/\/espiritualidade.carmelitas.pt\/boletim\/wp-json\/wp\/v2\/types\/post"}],"author":[{"embeddable":true,"href":"https:\/\/espiritualidade.carmelitas.pt\/boletim\/wp-json\/wp\/v2\/users\/1"}],"replies":[{"embeddable":true,"href":"https:\/\/espiritualidade.carmelitas.pt\/boletim\/wp-json\/wp\/v2\/comments?post=1498"}],"version-history":[{"count":1,"href":"https:\/\/espiritualidade.carmelitas.pt\/boletim\/wp-json\/wp\/v2\/posts\/1498\/revisions"}],"predecessor-version":[{"id":1503,"href":"https:\/\/espiritualidade.carmelitas.pt\/boletim\/wp-json\/wp\/v2\/posts\/1498\/revisions\/1503"}],"wp:featuredmedia":[{"embeddable":true,"href":"https:\/\/espiritualidade.carmelitas.pt\/boletim\/wp-json\/wp\/v2\/media\/1499"}],"wp:attachment":[{"href":"https:\/\/espiritualidade.carmelitas.pt\/boletim\/wp-json\/wp\/v2\/media?parent=1498"}],"wp:term":[{"taxonomy":"category","embeddable":true,"href":"https:\/\/espiritualidade.carmelitas.pt\/boletim\/wp-json\/wp\/v2\/categories?post=1498"},{"taxonomy":"post_tag","embeddable":true,"href":"https:\/\/espiritualidade.carmelitas.pt\/boletim\/wp-json\/wp\/v2\/tags?post=1498"}],"curies":[{"name":"wp","href":"https:\/\/api.w.org\/{rel}","templated":true}]}}