{"id":1420,"date":"2018-04-30T02:32:34","date_gmt":"2018-04-30T02:32:34","guid":{"rendered":"https:\/\/espiritualidade.carmelitas.pt\/boletim\/?p=1420"},"modified":"2018-04-29T18:34:03","modified_gmt":"2018-04-29T18:34:03","slug":"livro-dos-salmos-e-o-apostolo-paulo","status":"publish","type":"post","link":"https:\/\/espiritualidade.carmelitas.pt\/boletim\/livro-dos-salmos-e-o-apostolo-paulo\/","title":{"rendered":"\u00abLivro dos Salmos\u00bb e o \u00abAp\u00f3stolo Paulo\u00bb"},"content":{"rendered":"<p class=\"p2\"><span class=\"s2\"><b>Forma\u00e7\u00e3o avan\u00e7ada \u2013 UCP de Lisboa, 2 de maio de 2018<\/b><\/span><\/p>\n<p class=\"p4\">Cumprindo o objetivo de promover o estudo dos grandes textos religiosos da humanidade, o Instituto de Estudos da Religi\u00e3o (IER) promove, durante o m\u00eas de maio (quarta-feira, 19.30h-20.45h), um curso de forma\u00e7\u00e3o avan\u00e7ada sobre o \u00ab<i>Livro dos Salmos<\/i>\u00bb, sob a orienta\u00e7\u00e3o do Prof. Jo\u00e3o Louren\u00e7o, visando o conhecimento do seu enraizamento hist\u00f3rico, da sua natureza liter\u00e1ria e dos seus imagin\u00e1rios religiosos. Ir\u00e1 decorrer tamb\u00e9m um curso de forma\u00e7\u00e3o avan\u00e7ada sobre o \u00ab<i>essencial do pensamento de Paulo<\/i>\u00bb, sob a responsabilidade do Prof. Jos\u00e9 Tolentino Mendon\u00e7a . O curso visa a aquisi\u00e7\u00e3o dos instrumentos necess\u00e1rios \u00e0 compreens\u00e3o do car\u00e1cter inovador do pensamento de Paulo de Tarso, como autor dos primeiros escritos do cristianismo e enquanto construtor da ideia de uma perten\u00e7a comum, para al\u00e9m das fronteiras sociais.<\/p>\n","protected":false},"excerpt":{"rendered":"<p>Forma\u00e7\u00e3o avan\u00e7ada \u2013 UCP de Lisboa, 2 de maio de 2018 Cumprindo o objetivo de promover o estudo dos grandes textos religiosos da humanidade, o Instituto de Estudos da Religi\u00e3o [&hellip;]<\/p>\n","protected":false},"author":1,"featured_media":1421,"comment_status":"closed","ping_status":"open","sticky":false,"template":"","format":"standard","meta":{"_et_pb_use_builder":"","_et_pb_old_content":"","_et_gb_content_width":"","footnotes":""},"categories":[1],"tags":[],"class_list":["post-1420","post","type-post","status-publish","format-standard","has-post-thumbnail","hentry","category-cursos","et-has-post-format-content","et_post_format-et-post-format-standard"],"_links":{"self":[{"href":"https:\/\/espiritualidade.carmelitas.pt\/boletim\/wp-json\/wp\/v2\/posts\/1420","targetHints":{"allow":["GET"]}}],"collection":[{"href":"https:\/\/espiritualidade.carmelitas.pt\/boletim\/wp-json\/wp\/v2\/posts"}],"about":[{"href":"https:\/\/espiritualidade.carmelitas.pt\/boletim\/wp-json\/wp\/v2\/types\/post"}],"author":[{"embeddable":true,"href":"https:\/\/espiritualidade.carmelitas.pt\/boletim\/wp-json\/wp\/v2\/users\/1"}],"replies":[{"embeddable":true,"href":"https:\/\/espiritualidade.carmelitas.pt\/boletim\/wp-json\/wp\/v2\/comments?post=1420"}],"version-history":[{"count":1,"href":"https:\/\/espiritualidade.carmelitas.pt\/boletim\/wp-json\/wp\/v2\/posts\/1420\/revisions"}],"predecessor-version":[{"id":1422,"href":"https:\/\/espiritualidade.carmelitas.pt\/boletim\/wp-json\/wp\/v2\/posts\/1420\/revisions\/1422"}],"wp:featuredmedia":[{"embeddable":true,"href":"https:\/\/espiritualidade.carmelitas.pt\/boletim\/wp-json\/wp\/v2\/media\/1421"}],"wp:attachment":[{"href":"https:\/\/espiritualidade.carmelitas.pt\/boletim\/wp-json\/wp\/v2\/media?parent=1420"}],"wp:term":[{"taxonomy":"category","embeddable":true,"href":"https:\/\/espiritualidade.carmelitas.pt\/boletim\/wp-json\/wp\/v2\/categories?post=1420"},{"taxonomy":"post_tag","embeddable":true,"href":"https:\/\/espiritualidade.carmelitas.pt\/boletim\/wp-json\/wp\/v2\/tags?post=1420"}],"curies":[{"name":"wp","href":"https:\/\/api.w.org\/{rel}","templated":true}]}}