{"id":1417,"date":"2018-04-29T18:32:18","date_gmt":"2018-04-29T18:32:18","guid":{"rendered":"https:\/\/espiritualidade.carmelitas.pt\/boletim\/?p=1417"},"modified":"2018-04-29T18:32:18","modified_gmt":"2018-04-29T18:32:18","slug":"fatima-hoje-que-sentido","status":"publish","type":"post","link":"https:\/\/espiritualidade.carmelitas.pt\/boletim\/fatima-hoje-que-sentido\/","title":{"rendered":"F\u00e1tima Hoje: que sentido?"},"content":{"rendered":"<p class=\"p2\"><span class=\"s2\"><b>Simp\u00f3sio Teol\u00f3gico-Pastoral \u2013 F\u00e1tima, 22 a 24 de junho de 2018<\/b><\/span><\/p>\n<p class=\"p4\"><span class=\"s1\">O Simp\u00f3sio Teol\u00f3gico-Pastoral &#8220;F\u00e1tima Hoje: que sentido?&#8221; pretende dar um contributo privilegiado para a viv\u00eancia do tema proposto pelo Santu\u00e1rio para o este ano pastoral: &#8220;Dar gra\u00e7as pelo dom de F\u00e1tima&#8221;, integrado no tri\u00e9nio 2017-2020, sob o tema &#8220;Tempo de Gra\u00e7a e Miseric\u00f3rdia&#8221;. &#8220;Ao longo de tr\u00eas dias de reflex\u00e3o, investigadores de diferentes academias, nacionais e estrangeiras, convocar\u00e3o para um itiner\u00e1rio que iniciar\u00e1 sob a \u00e9gide dos verbos \u00abreceber e viver\u00bb, que continuar\u00e1 atrav\u00e9s dos verbos \u00abviver e anunciar\u00bb e que confluir\u00e1 no verbo \u00abrefletir\u00bb. Cada uma destas a\u00e7\u00f5es reportar\u00e1 ao \u2018corpus\u2019 de conte\u00fados que a tradi\u00e7\u00e3o pastoral \u2013 depois apreendida pela leitura acad\u00e9mica \u2013 timbrou com a express\u00e3o \u201cMensagem de F\u00e1tima\u201d<\/span><\/p>\n","protected":false},"excerpt":{"rendered":"<p>Simp\u00f3sio Teol\u00f3gico-Pastoral \u2013 F\u00e1tima, 22 a 24 de junho de 2018 O Simp\u00f3sio Teol\u00f3gico-Pastoral &#8220;F\u00e1tima Hoje: que sentido?&#8221; pretende dar um contributo privilegiado para a viv\u00eancia do tema proposto pelo [&hellip;]<\/p>\n","protected":false},"author":1,"featured_media":1418,"comment_status":"closed","ping_status":"open","sticky":false,"template":"","format":"standard","meta":{"_et_pb_use_builder":"","_et_pb_old_content":"","_et_gb_content_width":"","footnotes":""},"categories":[1],"tags":[],"class_list":["post-1417","post","type-post","status-publish","format-standard","has-post-thumbnail","hentry","category-cursos","et-has-post-format-content","et_post_format-et-post-format-standard"],"_links":{"self":[{"href":"https:\/\/espiritualidade.carmelitas.pt\/boletim\/wp-json\/wp\/v2\/posts\/1417","targetHints":{"allow":["GET"]}}],"collection":[{"href":"https:\/\/espiritualidade.carmelitas.pt\/boletim\/wp-json\/wp\/v2\/posts"}],"about":[{"href":"https:\/\/espiritualidade.carmelitas.pt\/boletim\/wp-json\/wp\/v2\/types\/post"}],"author":[{"embeddable":true,"href":"https:\/\/espiritualidade.carmelitas.pt\/boletim\/wp-json\/wp\/v2\/users\/1"}],"replies":[{"embeddable":true,"href":"https:\/\/espiritualidade.carmelitas.pt\/boletim\/wp-json\/wp\/v2\/comments?post=1417"}],"version-history":[{"count":1,"href":"https:\/\/espiritualidade.carmelitas.pt\/boletim\/wp-json\/wp\/v2\/posts\/1417\/revisions"}],"predecessor-version":[{"id":1419,"href":"https:\/\/espiritualidade.carmelitas.pt\/boletim\/wp-json\/wp\/v2\/posts\/1417\/revisions\/1419"}],"wp:featuredmedia":[{"embeddable":true,"href":"https:\/\/espiritualidade.carmelitas.pt\/boletim\/wp-json\/wp\/v2\/media\/1418"}],"wp:attachment":[{"href":"https:\/\/espiritualidade.carmelitas.pt\/boletim\/wp-json\/wp\/v2\/media?parent=1417"}],"wp:term":[{"taxonomy":"category","embeddable":true,"href":"https:\/\/espiritualidade.carmelitas.pt\/boletim\/wp-json\/wp\/v2\/categories?post=1417"},{"taxonomy":"post_tag","embeddable":true,"href":"https:\/\/espiritualidade.carmelitas.pt\/boletim\/wp-json\/wp\/v2\/tags?post=1417"}],"curies":[{"name":"wp","href":"https:\/\/api.w.org\/{rel}","templated":true}]}}