{"id":1415,"date":"2018-04-29T18:30:10","date_gmt":"2018-04-29T18:30:10","guid":{"rendered":"https:\/\/espiritualidade.carmelitas.pt\/boletim\/?p=1415"},"modified":"2018-04-29T18:42:22","modified_gmt":"2018-04-29T18:42:22","slug":"atividades-de-verao-em-avessadas","status":"publish","type":"post","link":"https:\/\/espiritualidade.carmelitas.pt\/boletim\/atividades-de-verao-em-avessadas\/","title":{"rendered":"Atividades de Ver\u00e3o em Avessadas"},"content":{"rendered":"<p class=\"p2\"><span class=\"s2\"><b>Centro de Espiritualidade dos Padres Carmelitas Descal\u00e7os<\/b><\/span><\/p>\n<p class=\"p1\">Sobe o lema \u201cOrar e saber\u201d os Padres Carmelitas Descal\u00e7os em Portugal prop\u00f5em tempos fortes de ora\u00e7\u00e3o, reflex\u00e3o e conv\u00edvio, para desfrutar em per\u00edodo de f\u00e9rias. Assim, o <i>Centro de Espiritualidade Santa Teresa de Jesus<\/i>, em Avessadas \u2013 Marco de Canaveses, preparou para si:<\/p>\n<p class=\"p1\">\u2013 15 a 21 de Julho: <span class=\"s1\">retiro aberto a todos<\/span>, em sil\u00eancio, com o tema \u00abO sim de Maria e o sim de cada um de n\u00f3s\u00bb. Orientado pelo P. Alpoim Portugal, OCD.<\/p>\n<p class=\"p1\">\u2013 6 a 11 de Agosto: <span class=\"s1\">XX JORNADAS DE ORA\u00c7\u00c3O<\/span>, subordinadas ao tema \u00abCaminhos de Ora\u00e7\u00e3o \u2013 Orar e saber\u00bb. Ser\u00e3o orientadores os PP. Vasco Nuno, Agostinho Leal e os Fr. Carlos Vieira e Renato Pereira, OCD.<\/p>\n<p class=\"p1\">\u2013 12 a 18 de Agosto: <span class=\"s1\">IX F\u00c9RIAS ORANTES<\/span>, um tempo para descanso, ora\u00e7\u00e3o e passeio.<\/p>\n<p class=\"p1\">\u2013 27 a 31 de Agosto: <span class=\"s1\">XXXV SEMANA DE ESPIRITUALIDADE<\/span> que estudar\u00e1 o tema \u00abOrar para viver \u2013 A vida de Ora\u00e7\u00e3o e a Ora\u00e7\u00e3o na Vida\u00bb. Os conferencistas ser\u00e3o: PP Armindo Vaz, Joaquim Teixeira, Agostinho Leal e Jo\u00e3o Costa, OCD.<\/p>\n","protected":false},"excerpt":{"rendered":"<p>Centro de Espiritualidade dos Padres Carmelitas Descal\u00e7os Sobe o lema \u201cOrar e saber\u201d os Padres Carmelitas Descal\u00e7os em Portugal prop\u00f5em tempos fortes de ora\u00e7\u00e3o, reflex\u00e3o e conv\u00edvio, para desfrutar em [&hellip;]<\/p>\n","protected":false},"author":1,"featured_media":1400,"comment_status":"closed","ping_status":"open","sticky":false,"template":"","format":"standard","meta":{"_et_pb_use_builder":"","_et_pb_old_content":"","_et_gb_content_width":"","footnotes":""},"categories":[13],"tags":[],"class_list":["post-1415","post","type-post","status-publish","format-standard","has-post-thumbnail","hentry","category-divulgacao","et-has-post-format-content","et_post_format-et-post-format-standard"],"_links":{"self":[{"href":"https:\/\/espiritualidade.carmelitas.pt\/boletim\/wp-json\/wp\/v2\/posts\/1415","targetHints":{"allow":["GET"]}}],"collection":[{"href":"https:\/\/espiritualidade.carmelitas.pt\/boletim\/wp-json\/wp\/v2\/posts"}],"about":[{"href":"https:\/\/espiritualidade.carmelitas.pt\/boletim\/wp-json\/wp\/v2\/types\/post"}],"author":[{"embeddable":true,"href":"https:\/\/espiritualidade.carmelitas.pt\/boletim\/wp-json\/wp\/v2\/users\/1"}],"replies":[{"embeddable":true,"href":"https:\/\/espiritualidade.carmelitas.pt\/boletim\/wp-json\/wp\/v2\/comments?post=1415"}],"version-history":[{"count":1,"href":"https:\/\/espiritualidade.carmelitas.pt\/boletim\/wp-json\/wp\/v2\/posts\/1415\/revisions"}],"predecessor-version":[{"id":1416,"href":"https:\/\/espiritualidade.carmelitas.pt\/boletim\/wp-json\/wp\/v2\/posts\/1415\/revisions\/1416"}],"wp:featuredmedia":[{"embeddable":true,"href":"https:\/\/espiritualidade.carmelitas.pt\/boletim\/wp-json\/wp\/v2\/media\/1400"}],"wp:attachment":[{"href":"https:\/\/espiritualidade.carmelitas.pt\/boletim\/wp-json\/wp\/v2\/media?parent=1415"}],"wp:term":[{"taxonomy":"category","embeddable":true,"href":"https:\/\/espiritualidade.carmelitas.pt\/boletim\/wp-json\/wp\/v2\/categories?post=1415"},{"taxonomy":"post_tag","embeddable":true,"href":"https:\/\/espiritualidade.carmelitas.pt\/boletim\/wp-json\/wp\/v2\/tags?post=1415"}],"curies":[{"name":"wp","href":"https:\/\/api.w.org\/{rel}","templated":true}]}}